{"id":173041,"date":"2025-06-13T09:41:09","date_gmt":"2025-06-13T09:41:09","guid":{"rendered":"https:\/\/www.europesays.com\/fr\/173041\/"},"modified":"2025-06-13T09:41:09","modified_gmt":"2025-06-13T09:41:09","slug":"toulouse-teleo-a-larret-en-raison-dun-probleme-technique-voici-comment-se-deplacer","status":"publish","type":"post","link":"https:\/\/www.europesays.com\/fr\/173041\/","title":{"rendered":"Toulouse. T\u00e9l\u00e9o \u00e0 l&rsquo;arr\u00eat en raison d&rsquo;un probl\u00e8me technique : voici comment se d\u00e9placer"},"content":{"rendered":"<p>            Par<br \/>\n        <strong><br \/>\n            <a href=\"https:\/\/actu.fr\/auteur\/lea-afonso\" title=\"Consulter tous les articles de L\u00e9a Afonso\" rel=\"nofollow noopener\" target=\"_blank\">L\u00e9a Afonso<\/a><br \/>\n        <\/strong><\/p>\n<p>        Publi\u00e9 le<\/p>\n<p>            13 juin 2025 \u00e0 10h53        <\/p>\n<p>Mise \u00e0 jour \u00e0 11h20<\/p>\n<p>T\u00e9l\u00e9o refonctionne dans sa totalit\u00e9.<\/p>\n<p class=\" wall-content\">T\u00e9l\u00e9o \u00e0 l\u2019arr\u00eat. Ce vendredi 13\u00a0juin 2025, la circulation de <strong>T\u00e9l\u00e9o<\/strong>, le c\u00e9l\u00e8bre t\u00e9l\u00e9ph\u00e9rique de <a href=\"https:\/\/actu.fr\/toulouse\/\" rel=\"nofollow noopener\" target=\"_blank\">Toulouse<\/a>, est <strong>suspendue en raison d\u2019un probl\u00e8me technique.<\/strong> Aucune indication sur l\u2019heure de reprise n\u2019est pour l\u2019instant indiqu\u00e9e par Tiss\u00e9o.<\/p>\n<p>Comment se d\u00e9placer\u2009?<\/p>\n<p class=\" wall-content\">La panne ayant \u00e9t\u00e9 identifi\u00e9e, Tiss\u00e9o met tout en \u0153uvre pour que la ligne reprenne dans les plus brefs d\u00e9lais. En attendant, voici la marche \u00e0 suivre entre les stations Universit\u00e9 Paul Sabatier et Oncopole Lise Enjalbert\u2009:<\/p>\n<ul class=\" wall-content\">\n<li><strong>Depuis Oncopole Lise Enjalbert<\/strong>\u2009: prendre la ligne Lin\u00e9o 5 (direction Empalot), puis correspondance avec la ligne B du M\u00e9tro (direction Ramonville) \u00e0 Empalot pour rejoindre la station Universit\u00e9 Paul Sabatier.<\/li>\n<li><strong>Depuis Universit\u00e9 Paul Sabatier<\/strong>\u2009: prendre la\u00a0ligne B\u00a0du M\u00e9tro (direction Borderouge), puis correspondance ligne\u00a0Lin\u00e9o 5 (direction Portet Gare-SNCF) \u00e0 Empalot pour rejoindre la station\u00a0Oncopole Lise Enjalbert.<\/li>\n<li>La <strong>ligne 34 e<\/strong>st quant \u00e0 elle <strong>prolong\u00e9e<\/strong> jusqu\u2019\u00e0 l\u2019h\u00f4pital Rangueil<\/li>\n<\/ul>\n<p class=\" wall-content\">Suivez toute l\u2019actualit\u00e9 de vos villes et m\u00e9dias favoris en vous inscrivant \u00e0 <a href=\"https:\/\/moncompte.actu.fr\" title=\"D\u00e9couvez Mon Actu\" rel=\"nofollow noopener\" data-trk=\"{&quot;cta&quot;:{&quot;action&quot;:&quot;https:\\\/\\\/moncompte.actu.fr&quot;,&quot;category&quot;:&quot;mon compte&quot;,&quot;from&quot;:&quot;article footer&quot;,&quot;name&quot;:&quot;Mon actu&quot;,&quot;type&quot;:&quot;cta&quot;}}\" target=\"_blank\">Mon Actu<\/a>.<\/p>\n","protected":false},"excerpt":{"rendered":"Par L\u00e9a Afonso Publi\u00e9 le 13 juin 2025 \u00e0 10h53 Mise \u00e0 jour \u00e0 11h20 T\u00e9l\u00e9o refonctionne dans&hellip;\n","protected":false},"author":2,"featured_media":173042,"comment_status":"","ping_status":"","sticky":false,"template":"","format":"standard","meta":{"footnotes":""},"categories":[2816],"tags":[1111,11,1777,674,1011,27,12,2680,25,104,20940,5400,2312],"class_list":{"0":"post-173041","1":"post","2":"type-post","3":"status-publish","4":"format-standard","5":"has-post-thumbnail","7":"category-toulouse","8":"tag-actu","9":"tag-actualites","10":"tag-eu","11":"tag-europe","12":"tag-fr","13":"tag-france","14":"tag-news","15":"tag-occitanie","16":"tag-republique-francaise","17":"tag-societe","18":"tag-telepherique","19":"tag-tisseo","20":"tag-toulouse"},"share_on_mastodon":{"url":"https:\/\/pubeurope.com\/@fr\/114675402837886941","error":""},"_links":{"self":[{"href":"https:\/\/www.europesays.com\/fr\/wp-json\/wp\/v2\/posts\/173041","targetHints":{"allow":["GET"]}}],"collection":[{"href":"https:\/\/www.europesays.com\/fr\/wp-json\/wp\/v2\/posts"}],"about":[{"href":"https:\/\/www.europesays.com\/fr\/wp-json\/wp\/v2\/types\/post"}],"author":[{"embeddable":true,"href":"https:\/\/www.europesays.com\/fr\/wp-json\/wp\/v2\/users\/2"}],"replies":[{"embeddable":true,"href":"https:\/\/www.europesays.com\/fr\/wp-json\/wp\/v2\/comments?post=173041"}],"version-history":[{"count":0,"href":"https:\/\/www.europesays.com\/fr\/wp-json\/wp\/v2\/posts\/173041\/revisions"}],"wp:featuredmedia":[{"embeddable":true,"href":"https:\/\/www.europesays.com\/fr\/wp-json\/wp\/v2\/media\/173042"}],"wp:attachment":[{"href":"https:\/\/www.europesays.com\/fr\/wp-json\/wp\/v2\/media?parent=173041"}],"wp:term":[{"taxonomy":"category","embeddable":true,"href":"https:\/\/www.europesays.com\/fr\/wp-json\/wp\/v2\/categories?post=173041"},{"taxonomy":"post_tag","embeddable":true,"href":"https:\/\/www.europesays.com\/fr\/wp-json\/wp\/v2\/tags?post=173041"}],"curies":[{"name":"wp","href":"https:\/\/api.w.org\/{rel}","templated":true}]}}