{"id":173047,"date":"2025-06-13T09:45:09","date_gmt":"2025-06-13T09:45:09","guid":{"rendered":"https:\/\/www.europesays.com\/fr\/173047\/"},"modified":"2025-06-13T09:45:09","modified_gmt":"2025-06-13T09:45:09","slug":"le-port-de-marseille-fos-ouvre-ses-portes-au-public","status":"publish","type":"post","link":"https:\/\/www.europesays.com\/fr\/173047\/","title":{"rendered":"Le port de Marseille Fos ouvre ses portes au public"},"content":{"rendered":"<p>Un \u00e9v\u00e9nement exceptionnel se pr\u00e9pare sur les rives de la M\u00e9diterran\u00e9e. \u00c0 l\u2019occasion de ses Journ\u00e9es portes ouvertes, le port de Marseille Fos invite le grand public dans ses coulisses !<\/p>\n<p>Une plong\u00e9e unique dans l\u2019un des plus grands sites portuaires d\u2019Europe, d\u00e9ploy\u00e9 sur 10 400 hectares, attend les visiteurs. Ils pourront d\u00e9couvrir ses infrastructures, ses m\u00e9tiers, ses projets d\u2019avenir d\u00e9di\u00e9s \u00e0 la d\u00e9carbonation et aux \u00e9nergies nouvelles. Pour ce faire, des visites guid\u00e9es en bateau gratuites et ouvertes \u00e0 tous sont organis\u00e9es tout le long du week-end, au d\u00e9part de Port-Saint-Louis-du-Rh\u00f4ne et du Port center Marseille. De quoi satisfaire petits et grands dans un cadre habituellement ferm\u00e9 au public !<\/p>\n<p>Au programme : <\/p>\n<ul>\n<li><strong>Samedi 28 juin 2025<\/strong> : visites des bassins de <strong>Fos-sur-Mer <\/strong><\/li>\n<\/ul>\n<p>o  Embarquement : Port-Saint-Louis-du-Rh\u00f4ne, quai Reybert <\/p>\n<p>o  D\u00e9parts : 11 h, 14 h, 16 h<\/p>\n<p>o  Dur\u00e9e : 1 h 30 par rotation<\/p>\n<ul>\n<li><strong>Dimanche 29 juin 2025 <\/strong>: visites des bassins de <strong>Marseille <\/strong><\/li>\n<\/ul>\n<p>o  Embarquement : Port Center \u2013 Gare de La Major, poste 94 <\/p>\n<p>o  D\u00e9parts : 9 h, 11 h, 15 h, 17 h<\/p>\n<p>o  Dur\u00e9e : 1h30 par rotation<\/p>\n<p>Inscription obligatoire sur <a href=\"http:\/\/www.portmarseillefos-jpo2025.fr\/\" rel=\"noopener noreferrer\" target=\"_blank\">www.portmarseillefos-jpo2025.fr<\/a> jusqu\u2019au 25 juin 2025. Une pi\u00e8ce d\u2019identit\u00e9 sera demand\u00e9e pour chaque visiteur.<\/p>\n","protected":false},"excerpt":{"rendered":"Un \u00e9v\u00e9nement exceptionnel se pr\u00e9pare sur les rives de la M\u00e9diterran\u00e9e. \u00c0 l\u2019occasion de ses Journ\u00e9es portes ouvertes,&hellip;\n","protected":false},"author":2,"featured_media":173048,"comment_status":"","ping_status":"","sticky":false,"template":"","format":"standard","meta":{"footnotes":""},"categories":[2814],"tags":[17,1111,11,1777,674,25762,1011,27,2831,884,12,10102,5159,3761,882,3532,25,2407],"class_list":{"0":"post-173047","1":"post","2":"type-post","3":"status-publish","4":"format-standard","5":"has-post-thumbnail","7":"category-marseille","8":"tag-17","9":"tag-actu","10":"tag-actualites","11":"tag-eu","12":"tag-europe","13":"tag-fos","14":"tag-fr","15":"tag-france","16":"tag-loisirs-traditions","17":"tag-marseille","18":"tag-news","19":"tag-ouvre","20":"tag-port","21":"tag-portes","22":"tag-provence-alpes-cote-dazur","23":"tag-public","24":"tag-republique-francaise","25":"tag-ses"},"share_on_mastodon":{"url":"https:\/\/pubeurope.com\/@fr\/114675418616292210","error":""},"_links":{"self":[{"href":"https:\/\/www.europesays.com\/fr\/wp-json\/wp\/v2\/posts\/173047","targetHints":{"allow":["GET"]}}],"collection":[{"href":"https:\/\/www.europesays.com\/fr\/wp-json\/wp\/v2\/posts"}],"about":[{"href":"https:\/\/www.europesays.com\/fr\/wp-json\/wp\/v2\/types\/post"}],"author":[{"embeddable":true,"href":"https:\/\/www.europesays.com\/fr\/wp-json\/wp\/v2\/users\/2"}],"replies":[{"embeddable":true,"href":"https:\/\/www.europesays.com\/fr\/wp-json\/wp\/v2\/comments?post=173047"}],"version-history":[{"count":0,"href":"https:\/\/www.europesays.com\/fr\/wp-json\/wp\/v2\/posts\/173047\/revisions"}],"wp:featuredmedia":[{"embeddable":true,"href":"https:\/\/www.europesays.com\/fr\/wp-json\/wp\/v2\/media\/173048"}],"wp:attachment":[{"href":"https:\/\/www.europesays.com\/fr\/wp-json\/wp\/v2\/media?parent=173047"}],"wp:term":[{"taxonomy":"category","embeddable":true,"href":"https:\/\/www.europesays.com\/fr\/wp-json\/wp\/v2\/categories?post=173047"},{"taxonomy":"post_tag","embeddable":true,"href":"https:\/\/www.europesays.com\/fr\/wp-json\/wp\/v2\/tags?post=173047"}],"curies":[{"name":"wp","href":"https:\/\/api.w.org\/{rel}","templated":true}]}}