{"id":173051,"date":"2025-06-13T09:47:10","date_gmt":"2025-06-13T09:47:10","guid":{"rendered":"https:\/\/www.europesays.com\/fr\/173051\/"},"modified":"2025-06-13T09:47:10","modified_gmt":"2025-06-13T09:47:10","slug":"lyon-linterdiction-de-certaines-publicites-retoquee-les-ecologistes-recadres-par-la-justice","status":"publish","type":"post","link":"https:\/\/www.europesays.com\/fr\/173051\/","title":{"rendered":"Lyon. L&rsquo;interdiction de certaines publicit\u00e9s retoqu\u00e9e, les \u00e9cologistes recadr\u00e9s par la justice"},"content":{"rendered":"<p>            Par<br \/>\n        <strong><br \/>\n            <a href=\"https:\/\/actu.fr\/auteur\/nicolas-zaugra\" title=\"Consulter tous les articles de Nicolas Zaugra\" target=\"_blank\" rel=\"noopener\">Nicolas Zaugra<\/a><br \/>\n        <\/strong><\/p>\n<p>        Publi\u00e9 le<\/p>\n<p>            13 juin 2025 \u00e0 11h33        <\/p>\n<p>R\u00e9duire massivement la publicit\u00e9 dans les rues, sur les b\u00e2timents, <a href=\"https:\/\/actu.fr\/auvergne-rhone-alpes\/lyon_69123\/lyon-la-publicite-pour-l-avion-et-certaines-voitures-sur-le-reseau-tcl-c-est-fini_60893594.html\" target=\"_blank\" rel=\"noopener\">dans le m\u00e9tro<\/a> et plus largement sur le r\u00e9seau TCL : c\u2019est l\u2019objectif affich\u00e9 par les \u00e9lus \u00e9cologistes de la M\u00e9tropole de Lyon qui ont adopt\u00e9 dans la douleur un <a href=\"https:\/\/actu.fr\/auvergne-rhone-alpes\/lyon_69123\/lyon-la-publicite-va-t-elle-disparaitre-de-la-metropole_59772649.html\" target=\"_blank\" rel=\"noopener\">nouveau R\u00e8glement Local de Publicit\u00e9<\/a> (RPL) en vigueur depuis 2023 et g\u00e9n\u00e9ralis\u00e9 en juillet 2025. <br \/>Mais des acteurs du secteur ont attaqu\u00e9 en justice la collectivit\u00e9 de <a href=\"https:\/\/actu.fr\/auvergne-rhone-alpes\/lyon_69123\/lyon-tcl-metros-grands-projets-bruno-bernard-repond-aux-critiques-et-fait-des-annonces_62734952.html\" target=\"_blank\" rel=\"noopener\">Bruno Bernard<\/a>. Une <strong>partie du nouveau r\u00e8glement a \u00e9t\u00e9 censur\u00e9 par le tribunal<\/strong> de <a href=\"https:\/\/actu.fr\/auvergne-rhone-alpes\/lyon_69123\" target=\"_blank\" rel=\"noopener\">Lyon<\/a> et la publicit\u00e9 num\u00e9rique ne sera pas globalement interdite.<\/p>\n<p>L\u2019interdiction g\u00e9n\u00e9rale de la publicit\u00e9 num\u00e9rique censur\u00e9e<\/p>\n<p class=\" wall-content\">Dans un jugement du 3 juin 2025, le tribunal administratif de Lyon a <strong>censur\u00e9 plusieurs articles du nouveau r\u00e8glement sur la publicit\u00e9<\/strong> tout en confirmant une large partie des nouvelles dispositions.\u00a0<\/p>\n<p class=\" wall-content\">\u00ab\u00a0La semaine derni\u00e8re, le tribunal administratif de Lyon a censur\u00e9 des dispositions majeures de leur R\u00e8glement Local de Publicit\u00e9 Intercommunal. Notamment <strong>l\u2019interdiction g\u00e9n\u00e9rale et absolue de la publicit\u00e9 num\u00e9rique\u00a0\u00bb<\/strong>, se r\u00e9jouit le Syndicat National de la Publicit\u00e9 Num\u00e9rique (SNPN) qui est vent debout contre les mesures des \u00e9lus \u00e9cologistes.\u00a0<\/p>\n<p class=\" wall-content\">\u00ab\u00a0Six articles ont \u00e9t\u00e9 censur\u00e9s, dont l\u2019interdiction g\u00e9n\u00e9rale et absolue de la publicit\u00e9 num\u00e9rique, l\u2019interdiction g\u00e9n\u00e9rale et absolue des enseignes num\u00e9riques, et l\u2019interdiction g\u00e9n\u00e9rale et absolue des enseignes num\u00e9riques en vitrine.\u00a0\u00bb<\/p>\n<blockquote class=\"ac-article-quote wall-content\">\n<p>Cela sonne comme un cruel \u00e9chec pour le dogmatisme. Le bon sens, lui, a repris ses droits. \u00c0 un an des \u00e9lections municipales, on peut dire que \u00e7a fait tache.<\/p>\n<p>    <strong>SNPN (Syndicat National de la Publicit\u00e9 Num\u00e9rique)<\/strong>\n            <\/p><\/blockquote>\n<p class=\" wall-content\">La M\u00e9tropole de Lyon a confirm\u00e9 cette censure en indiquant que \u00ab\u00a0dans certaines zones du territoire (zones commerciales, grands axes urbains\u2026), les panneaux num\u00e9riques pourraient \u00eatre autoris\u00e9s. Ils seraient toutefois limit\u00e9s \u00e0 2 m\u00b2 maximum et en implantation murale uniquement.\u00a0\u00bb<\/p>\n<p>La M\u00e9tropole salue la \u00ab\u00a0validation d\u2019une majeure partie du dispositif\u00a0\u00bb<\/p>\n<p class=\" wall-content\">Dans un communiqu\u00e9 publi\u00e9 ce vendredi, la M\u00e9tropole salue la \u00ab\u00a0validation d\u2019une majeure partie du dispositif\u00a0\u00bb.<\/p>\n<p class=\" wall-content\">La collectivit\u00e9 assure que la justice confirme \u00ab\u00a0la possibilit\u00e9 d\u2019\u00eatre plus restrictif que la r\u00e8glementation nationale sur l\u2019ensemble des dispositifs de publicit\u00e9 ou d\u2019enseigne, [\u2026] l\u2019encadrement sp\u00e9cifique des publicit\u00e9s num\u00e9riques, de fa\u00e7on distincte des publicit\u00e9s lumineuses non num\u00e9riques\u00a0\u00bb et la \u00ab\u00a0possibilit\u00e9 d\u2019encadrer les dispositifs num\u00e9riques en vitrine, et particuli\u00e8rement leur taille et leur obligation d\u2019extinction, r\u00e8gles applicables \u00e0 tous d\u00e8s le 3 juillet 2025\u00a0\u00bb.<\/p>\n<p class=\" wall-content\">Le r\u00e8glement pr\u00e9voit toujours \u00ab\u00a0une r\u00e9duction du nombre de panneaux publicitaires d\u2019environ 75%\u00a0\u00bb, \u00ab\u00a0la protection des territoires sensibles comme les espaces de nature en ville, secteurs patrimoniaux, centres des villes et des quartiers, zones r\u00e9sidentielles\u00a0\u00bb.<\/p>\n<p>    <img   decoding=\"async\" loading=\"lazy\" src=\"https:\/\/www.europesays.com\/fr\/wp-content\/uploads\/2025\/06\/publicite-lyon-ruers-960x640.jpg\" alt=\"Les enseignes de publicit\u00e9 g\u00e9antes seront toutes interdites dans la M\u00e9tropole de Lyon. Ici une publicit\u00e9 encore visible dans le 6e arrondissement qui sera retir\u00e9e d'ici 2026.\" width=\"960\" height=\"640\"\/><br \/>\n    Les enseignes de publicit\u00e9 g\u00e9antes seront toutes interdites dans la M\u00e9tropole de Lyon. Ici une publicit\u00e9 encore visible dans le 6e arrondissement qui sera retir\u00e9e d\u2019ici 2026. (\u00a9Nicolas Zaugra\/ actu Lyon)<\/p>\n<p class=\" wall-content\">La M\u00e9tropole pr\u00e9voit aussi l\u2019interdiction des publicit\u00e9s sur les toits (quais Victor Augagneur et Claude Bernard, boulevard p\u00e9riph\u00e9rique\u2026) m\u00eame s\u2019il en existe encore. Elles seront toutes enlev\u00e9es d\u2019ici 2026. Enfin, la limitation des tailles de panneaux (4 m\u00b2 maximum aujourd\u2019hui, contre 10 m\u00b2 avant).\u00a0<\/p>\n<p class=\" wall-content\">Suivez toute l\u2019actualit\u00e9 de vos villes et m\u00e9dias favoris en vous inscrivant \u00e0 <a href=\"https:\/\/moncompte.actu.fr\" title=\"D\u00e9couvez Mon Actu\" rel=\"nofollow noopener\" data-trk=\"{&quot;cta&quot;:{&quot;action&quot;:&quot;https:\\\/\\\/moncompte.actu.fr&quot;,&quot;category&quot;:&quot;mon compte&quot;,&quot;from&quot;:&quot;article footer&quot;,&quot;name&quot;:&quot;Mon actu&quot;,&quot;type&quot;:&quot;cta&quot;}}\" target=\"_blank\">Mon Actu<\/a>.<\/p>\n","protected":false},"excerpt":{"rendered":"Par Nicolas Zaugra Publi\u00e9 le 13 juin 2025 \u00e0 11h33 R\u00e9duire massivement la publicit\u00e9 dans les rues, sur&hellip;\n","protected":false},"author":2,"featured_media":173052,"comment_status":"","ping_status":"","sticky":false,"template":"","format":"standard","meta":{"footnotes":""},"categories":[1889],"tags":[1111,11,2430,5921,1777,674,7430,1011,27,2808,2428,12,25,104],"class_list":{"0":"post-173051","1":"post","2":"type-post","3":"status-publish","4":"format-standard","5":"has-post-thumbnail","7":"category-lyon","8":"tag-actu","9":"tag-actualites","10":"tag-auvergne-rhone-alpes","11":"tag-bruno-bernard","12":"tag-eu","13":"tag-europe","14":"tag-europe-ecologie-les-verts-eelv","15":"tag-fr","16":"tag-france","17":"tag-grand-lyon","18":"tag-lyon","19":"tag-news","20":"tag-republique-francaise","21":"tag-societe"},"share_on_mastodon":{"url":"https:\/\/pubeurope.com\/@fr\/114675426523267738","error":""},"_links":{"self":[{"href":"https:\/\/www.europesays.com\/fr\/wp-json\/wp\/v2\/posts\/173051","targetHints":{"allow":["GET"]}}],"collection":[{"href":"https:\/\/www.europesays.com\/fr\/wp-json\/wp\/v2\/posts"}],"about":[{"href":"https:\/\/www.europesays.com\/fr\/wp-json\/wp\/v2\/types\/post"}],"author":[{"embeddable":true,"href":"https:\/\/www.europesays.com\/fr\/wp-json\/wp\/v2\/users\/2"}],"replies":[{"embeddable":true,"href":"https:\/\/www.europesays.com\/fr\/wp-json\/wp\/v2\/comments?post=173051"}],"version-history":[{"count":0,"href":"https:\/\/www.europesays.com\/fr\/wp-json\/wp\/v2\/posts\/173051\/revisions"}],"wp:featuredmedia":[{"embeddable":true,"href":"https:\/\/www.europesays.com\/fr\/wp-json\/wp\/v2\/media\/173052"}],"wp:attachment":[{"href":"https:\/\/www.europesays.com\/fr\/wp-json\/wp\/v2\/media?parent=173051"}],"wp:term":[{"taxonomy":"category","embeddable":true,"href":"https:\/\/www.europesays.com\/fr\/wp-json\/wp\/v2\/categories?post=173051"},{"taxonomy":"post_tag","embeddable":true,"href":"https:\/\/www.europesays.com\/fr\/wp-json\/wp\/v2\/tags?post=173051"}],"curies":[{"name":"wp","href":"https:\/\/api.w.org\/{rel}","templated":true}]}}