{"id":173055,"date":"2025-06-13T09:49:15","date_gmt":"2025-06-13T09:49:15","guid":{"rendered":"https:\/\/www.europesays.com\/fr\/173055\/"},"modified":"2025-06-13T09:49:15","modified_gmt":"2025-06-13T09:49:15","slug":"paris-et-lile-de-france-passent-en-vigilance-orange-aux-orages","status":"publish","type":"post","link":"https:\/\/www.europesays.com\/fr\/173055\/","title":{"rendered":"Paris et l&rsquo;\u00cele-de-France passent en vigilance orange aux orages"},"content":{"rendered":"<p>            Par<br \/>\n        <strong><br \/>\n            <a href=\"https:\/\/actu.fr\/auteur\/redaction-paris\" title=\"Consulter tous les articles de R\u00e9daction Paris\" target=\"_blank\" rel=\"noopener\">R\u00e9daction Paris<\/a><br \/>\n        <\/strong><\/p>\n<p>        Publi\u00e9 le<\/p>\n<p>            13 juin 2025 \u00e0 11h21        <\/p>\n<p>L\u2019orage s\u2019annonce-t-il plus violent que pr\u00e9vu\u2009? En d\u00e9but de matin\u00e9e, <a href=\"https:\/\/actu.fr\/tag\/meteo-france\" target=\"_blank\" rel=\"noopener\">M\u00e9t\u00e9o France<\/a> avait plac\u00e9 17 d\u00e9partements en <strong>vigilance orange <\/strong>aux <a href=\"https:\/\/actu.fr\/tag\/orages\" target=\"_blank\" rel=\"noopener\">orages<\/a>. Paris, la Seine-Saint-Denis, les Hauts-de-Seine et le Val-de-Marne \u00e9chappaient \u00e0 la perturbation mais, quelques heures plus tard, \u00e0 10\u00a0heures, onze nouveaux d\u00e9partements ont \u00e9t\u00e9 ajout\u00e9s, dont la r\u00e9gion francilienne.<\/p>\n<p>\u00ab\u00a0Des ph\u00e9nom\u00e8nes particuli\u00e8rement violents\u00a0\u00bb<\/p>\n<p class=\" wall-content\">Cet orage est attendu \u00e0 partir de 18\u00a0heures dans la capitale et s\u2019annonce, selon le m\u00e9t\u00e9orologue <strong>Yann Amice<\/strong>, contact\u00e9 par <a href=\"https:\/\/actu.fr\/meteo\/orages-violents-et-temps-explosif-ce-vendredi-grele-rafales-a-100-km-h-canicule-ce-qui-est-prevu_62762446.html\" target=\"_blank\" rel=\"noopener\">actu.fr<\/a>, \u00ab\u2009explosif\u2009\u00bb.<\/p>\n<p class=\" wall-content\">\u00ab\u2009Dans un contexte tr\u00e8s chaud depuis plusieurs jours, une <strong>d\u00e9gradation orageuse<\/strong> est attendue en deux temps aujourd\u2019hui\u2009: un premier temps cet apr\u00e8s-midi consistant en des cellules orageuses localis\u00e9es sur l\u2019ensemble de la r\u00e9gion et un second temps consistant en une d\u00e9gradation orageuse forte sur la moiti\u00e9 nord-ouest de la r\u00e9gion, pouvant apporter des ph\u00e9nom\u00e8nes particuli\u00e8rement violents\u2009\u00bb, explique de son c\u00f4t\u00e9 l\u2019institut de m\u00e9t\u00e9orologie.<\/p>\n<p class=\" wall-content\">Des rafales de vent jusqu\u2019\u00e0 100\u00a0km\/h, de la <strong>gr\u00eale<\/strong> et des <strong>cumuls de pluies<\/strong> jusqu\u2019\u00e0 20\u00a0mm en une heure sont attendus dans le nord-ouest de la r\u00e9gion mais elles ne sont \u00ab\u2009pas \u00e0 exclure jusqu\u2019\u00e0 Paris et sa petite couronne.\u2009\u00bb<\/p>\n<p class=\" wall-content\">Suivez toute l\u2019actualit\u00e9 de vos villes et m\u00e9dias favoris en vous inscrivant \u00e0 <a href=\"https:\/\/moncompte.actu.fr\" title=\"D\u00e9couvez Mon Actu\" rel=\"nofollow noopener\" data-trk=\"{&quot;cta&quot;:{&quot;action&quot;:&quot;https:\\\/\\\/moncompte.actu.fr&quot;,&quot;category&quot;:&quot;mon compte&quot;,&quot;from&quot;:&quot;article footer&quot;,&quot;name&quot;:&quot;Mon actu&quot;,&quot;type&quot;:&quot;cta&quot;}}\" target=\"_blank\">Mon Actu<\/a>.<\/p>\n","protected":false},"excerpt":{"rendered":"Par R\u00e9daction Paris Publi\u00e9 le 13 juin 2025 \u00e0 11h21 L\u2019orage s\u2019annonce-t-il plus violent que pr\u00e9vu\u2009? En d\u00e9but&hellip;\n","protected":false},"author":2,"featured_media":173056,"comment_status":"","ping_status":"","sticky":false,"template":"","format":"standard","meta":{"footnotes":""},"categories":[1592],"tags":[1111,11,1777,674,1011,27,662,2487,2357,12,4594,626,25],"class_list":{"0":"post-173055","1":"post","2":"type-post","3":"status-publish","4":"format-standard","5":"has-post-thumbnail","7":"category-ile-de-france","8":"tag-actu","9":"tag-actualites","10":"tag-eu","11":"tag-europe","12":"tag-fr","13":"tag-france","14":"tag-ile-de-france","15":"tag-meteo","16":"tag-meteo-france","17":"tag-news","18":"tag-orages","19":"tag-paris","20":"tag-republique-francaise"},"share_on_mastodon":{"url":"https:\/\/pubeurope.com\/@fr\/114675434402159930","error":""},"_links":{"self":[{"href":"https:\/\/www.europesays.com\/fr\/wp-json\/wp\/v2\/posts\/173055","targetHints":{"allow":["GET"]}}],"collection":[{"href":"https:\/\/www.europesays.com\/fr\/wp-json\/wp\/v2\/posts"}],"about":[{"href":"https:\/\/www.europesays.com\/fr\/wp-json\/wp\/v2\/types\/post"}],"author":[{"embeddable":true,"href":"https:\/\/www.europesays.com\/fr\/wp-json\/wp\/v2\/users\/2"}],"replies":[{"embeddable":true,"href":"https:\/\/www.europesays.com\/fr\/wp-json\/wp\/v2\/comments?post=173055"}],"version-history":[{"count":0,"href":"https:\/\/www.europesays.com\/fr\/wp-json\/wp\/v2\/posts\/173055\/revisions"}],"wp:featuredmedia":[{"embeddable":true,"href":"https:\/\/www.europesays.com\/fr\/wp-json\/wp\/v2\/media\/173056"}],"wp:attachment":[{"href":"https:\/\/www.europesays.com\/fr\/wp-json\/wp\/v2\/media?parent=173055"}],"wp:term":[{"taxonomy":"category","embeddable":true,"href":"https:\/\/www.europesays.com\/fr\/wp-json\/wp\/v2\/categories?post=173055"},{"taxonomy":"post_tag","embeddable":true,"href":"https:\/\/www.europesays.com\/fr\/wp-json\/wp\/v2\/tags?post=173055"}],"curies":[{"name":"wp","href":"https:\/\/api.w.org\/{rel}","templated":true}]}}