{"id":173063,"date":"2025-06-13T09:53:13","date_gmt":"2025-06-13T09:53:13","guid":{"rendered":"https:\/\/www.europesays.com\/fr\/173063\/"},"modified":"2025-06-13T09:53:13","modified_gmt":"2025-06-13T09:53:13","slug":"iliona-au-festival-fnac-live-paris-sur-invitation","status":"publish","type":"post","link":"https:\/\/www.europesays.com\/fr\/173063\/","title":{"rendered":"Iliona* au Festival Fnac Live Paris ! *Sur invitation"},"content":{"rendered":"<p>L\u2019artiste se produira en concert au Fnac Live Paris le 3 juillet !<\/p>\n<p>                            <strong>ILIONA<\/strong><\/p>\n<p dir=\"ltr\">Elle est une artiste belge n\u00e9e au tournant des ann\u00e9es 2000 qui r\u00eavait depuis sa chambre \u00e0 des lendemains qui chantent. Estampill\u00e9e \u201cbedroom pop\u201d \u00e0 ses d\u00e9buts, voil\u00e0 d\u00e9sormais Iliona plus s\u00fbre de ses forces. Une \u00e9criture limpide pour \u00e9voquer les vertiges de l\u2019amour, une rupture comme un d\u00e9tonateur, et des m\u00e9lodies textur\u00e9es. La simplicit\u00e9 impose l\u2019\u00e9vidence.<\/p>\n<p dir=\"ltr\">*Concert sur invitation, \u00e0 retirer \u00e0 partir du vendredi 27 juin dans les magasins Fnac suivants : Fnac Forum des Halles, Fnac St Lazare, Fnac Montparnasse, Fnac Ternes, Fnac Bercy, Fnac Beaugrenelle, Fnac Boulogne, Fnac La D\u00e9fense, Fnac Cr\u00e9teil.<\/p>\n<p><strong>FNAC LIVE PARIS<\/strong><\/p>\n<p>Le festival Fnac Live Paris, organis\u00e9 par la Fnac et la Ville de Paris, revient en plein c\u0153ur de la capitale du 2 au 4 juillet 2025, avec plus de vingt concerts gratuits et accessibles \u00e0 tous.<\/p>\n<p>Ad\u00e8le Castillon, Air, Eddy de Pretto, St. Vincent, Miossec, Olivia Ruiz, Vladimir Cauchemar et bien d\u2019autres\u2026\u00a0<strong><a href=\"https:\/\/eur02.safelinks.protection.outlook.com\/?url=https%3A%2F%2Fleclaireur.fnac.com%2Ffestival%2Ffnac-live-paris%2F&amp;data=05%7C02%7Ccassina.campion-ext%40fnacdarty.com%7Cf254d3d7ada44822ed5408dda8c364d2%7Cee736e01987f46aaa14479812f19df56%7C0%7C0%7C638852279344488331%7CUnknown%7CTWFpbGZsb3d8eyJFbXB0eU1hcGkiOnRydWUsIlYiOiIwLjAuMDAwMCIsIlAiOiJXaW4zMiIsIkFOIjoiTWFpbCIsIldUIjoyfQ%3D%3D%7C0%7C%7C%7C&amp;sdata=ndEFPLiEDUeM5TJHyCxwmsIrXmx9jhqXJdQd9bT3qW4%3D&amp;reserved=0\" target=\"_blank\" rel=\"noopener\">D\u00e9couvrez la programmation compl\u00e8te<\/a><\/strong>\u00a0de ces trois jours de f\u00eate, o\u00f9 t\u00eates d\u2019affiche et talents \u00e9mergents se succ\u00e9deront pour c\u00e9l\u00e9brer la musique sous toutes ses formes !<\/p>\n<p>        <img decoding=\"async\" src=\"https:\/\/www.europesays.com\/fr\/wp-content\/uploads\/2025\/04\/logo-rse.png\" alt=\"Logo RSE\" loading=\"lazy\" width=\"84\" height=\"116\"\/><\/p>\n<p>\n        La Fnac s\u2019engage activement dans les initiatives de responsabilit\u00e9 soci\u00e9tale des entreprises (RSE).\n    <\/p>\n<p>\n        Aidez-nous en choisissant la mobilit\u00e9 douce en privil\u00e9giant par exemple le v\u00e9lo (pistes cyclables et stationnements \u00e0 disposition), les transports en commun ou le covoiturage pour nous rejoindre. Ainsi, vous contribuez \u00e0 r\u00e9duire les \u00e9missions de gaz \u00e0 effet de serre et \u00e0 am\u00e9liorer notre qualit\u00e9 de l\u2019air. Pour plus d\u2019information, consultez la fiche du magasin.<br \/>Tous nos \u00e9v\u00e8nements sont en acc\u00e8s gratuit, dans la limite des places disponibles.\n    <\/p>\n","protected":false},"excerpt":{"rendered":"L\u2019artiste se produira en concert au Fnac Live Paris le 3 juillet ! ILIONA Elle est une artiste&hellip;\n","protected":false},"author":2,"featured_media":173064,"comment_status":"","ping_status":"","sticky":false,"template":"","format":"standard","meta":{"footnotes":""},"categories":[1888],"tags":[11,29885,1777,674,9391,29886,29887,24337,29888,1011,27,29889,12,626,25],"class_list":{"0":"post-173063","1":"post","2":"type-post","3":"status-publish","4":"format-standard","5":"has-post-thumbnail","7":"category-paris","8":"tag-actualites","9":"tag-concert-gratuit","10":"tag-eu","11":"tag-europe","12":"tag-evenement-fnac-gratuit","13":"tag-festival-gratuit","14":"tag-flp2025","15":"tag-fnac-live","16":"tag-fnac-live-paris-2025","17":"tag-fr","18":"tag-france","19":"tag-hotel-de-ville-de-paris","20":"tag-news","21":"tag-paris","22":"tag-republique-francaise"},"share_on_mastodon":{"url":"https:\/\/pubeurope.com\/@fr\/114675450189448503","error":""},"_links":{"self":[{"href":"https:\/\/www.europesays.com\/fr\/wp-json\/wp\/v2\/posts\/173063","targetHints":{"allow":["GET"]}}],"collection":[{"href":"https:\/\/www.europesays.com\/fr\/wp-json\/wp\/v2\/posts"}],"about":[{"href":"https:\/\/www.europesays.com\/fr\/wp-json\/wp\/v2\/types\/post"}],"author":[{"embeddable":true,"href":"https:\/\/www.europesays.com\/fr\/wp-json\/wp\/v2\/users\/2"}],"replies":[{"embeddable":true,"href":"https:\/\/www.europesays.com\/fr\/wp-json\/wp\/v2\/comments?post=173063"}],"version-history":[{"count":0,"href":"https:\/\/www.europesays.com\/fr\/wp-json\/wp\/v2\/posts\/173063\/revisions"}],"wp:featuredmedia":[{"embeddable":true,"href":"https:\/\/www.europesays.com\/fr\/wp-json\/wp\/v2\/media\/173064"}],"wp:attachment":[{"href":"https:\/\/www.europesays.com\/fr\/wp-json\/wp\/v2\/media?parent=173063"}],"wp:term":[{"taxonomy":"category","embeddable":true,"href":"https:\/\/www.europesays.com\/fr\/wp-json\/wp\/v2\/categories?post=173063"},{"taxonomy":"post_tag","embeddable":true,"href":"https:\/\/www.europesays.com\/fr\/wp-json\/wp\/v2\/tags?post=173063"}],"curies":[{"name":"wp","href":"https:\/\/api.w.org\/{rel}","templated":true}]}}