{"id":173065,"date":"2025-06-13T09:54:11","date_gmt":"2025-06-13T09:54:11","guid":{"rendered":"https:\/\/www.europesays.com\/fr\/173065\/"},"modified":"2025-06-13T09:54:11","modified_gmt":"2025-06-13T09:54:11","slug":"la-russie-gagne-du-terrain-sur-le-front-zelensky-compte-sur-le-g7","status":"publish","type":"post","link":"https:\/\/www.europesays.com\/fr\/173065\/","title":{"rendered":"La Russie gagne du terrain sur le front, Zelensky compte sur le G7\u2026"},"content":{"rendered":"<p>La Russie revendique la prise d&rsquo;un nouveau village dans la r\u00e9gion de Soumy, au nord de l&rsquo;Ukraine<\/p>\n<p>L&rsquo;arm\u00e9e russe a revendiqu\u00e9 vendredi la capture d&rsquo;un nouveau village dans la r\u00e9gion de Soumy, dans le nord de l&rsquo;Ukraine, o\u00f9 elle a r\u00e9cemment lanc\u00e9 une offensive, ainsi que de deux autres dans la r\u00e9gion orientale de Donetsk.<\/p>\n<p>Selon le rapport quotidien du minist\u00e8re de la D\u00e9fense, les forces russes ont captur\u00e9 la localit\u00e9 de Iablonivka dans la r\u00e9gion de Soumy, situ\u00e9e \u00e0 environ 25 kilom\u00e8tres de la capitale r\u00e9gionale \u00e9ponyme.<\/p>\n<p>Dans la r\u00e9gion de Donetsk, o\u00f9 se d\u00e9roule l&rsquo;essentiel des combats depuis le d\u00e9but de l&rsquo;offensive russe contre l&rsquo;Ukraine en f\u00e9vrier 2022, l&rsquo;arm\u00e9e russe a pris le contr\u00f4le des localit\u00e9s de Komar et de Koptiev\u00e9.<\/p>\n<p>Le pr\u00e9sident ukrainien Volodymyr Zelensky avait lui assur\u00e9 jeudi soir que les forces ukrainiennes \u00ab repoussent peu \u00e0 peu les occupants dans la r\u00e9gion de Soumy \u00bb<\/p>\n<p>Zelensky compte sur le G7 pour convaincre Trump<\/p>\n<p>Le pr\u00e9sident ukrainien Volodymyr Zelensky a dit jeudi esp\u00e9rer pouvoir convaincre lors du G7, qui aura lieu au Canada du 15 au 17\u00a0juin, Donald Trump de sanctionner la Russie pour son refus d\u2019un cessez-le-feu.<\/p>\n<p>Donald Trump \u00ab\u00a0tr\u00e8s d\u00e9\u00e7u\u00a0\u00bb par la Russie\u00a0et aussi par l\u2019Ukraine<\/p>\n<p>Il ronge son frein et tr\u00e9pigne. Donald Trump, dont les Europ\u00e9ens voudraient qu\u2019il sanctionne plus durement Moscou, a de nouveau renvoy\u00e9 jeudi soir l\u2019Ukraine et la Russie dos \u00e0 dos. \u00ab\u00a0Je suis tr\u00e8s d\u00e9\u00e7u par la Russie mais je suis aussi d\u00e9\u00e7u par l\u2019Ukraine parce que je pense qu\u2019un accord aurait pu \u00eatre trouv\u00e9\u00a0\u00bb pour mettre fin au conflit provoqu\u00e9 par l\u2019invasion russe, a dit le pr\u00e9sident am\u00e9ricain qui, rappelons-le, comptait mettre fin \u00e0 la guerre \u00ab\u00a0en 24 heures\u00a0\u00bb.<\/p>\n<p>Bonjour, et bienvenue dans ce live consacr\u00e9 \u00e0 la guerre en Ukraine<\/p>\n<p>Plus de trois ans apr\u00e8s l\u2019offensive russe en Ukraine, les soldats de Kiev souffrent sur le front. Et malgr\u00e9 le retour aux affaires de Donald Trump, les n\u00e9gociations de paix qu\u2019il avait fait miroiter s\u2019enlisent. Batailles, d\u00e9clarations diplomatiques, impasses\u2026 La r\u00e9daction de 20 Minutes se mobilise pour vous faire vivre le conflit en direct, alors qu\u2019une r\u00e9union du G7 se profile au Canada la semaine prochaine o\u00f9 Volodomyr Zelesnky esp\u00e8re qu\u2019une grosse pression sera mise sur le Kremlin.<\/p>\n","protected":false},"excerpt":{"rendered":"La Russie revendique la prise d&rsquo;un nouveau village dans la r\u00e9gion de Soumy, au nord de l&rsquo;Ukraine L&rsquo;arm\u00e9e&hellip;\n","protected":false},"author":2,"featured_media":173066,"comment_status":"","ping_status":"","sticky":false,"template":"","format":"standard","meta":{"footnotes":""},"categories":[1591],"tags":[47,11,75,73,1887,131,74,1916,12,136,1885,1886,132,135,134],"class_list":{"0":"post-173065","1":"post","2":"type-post","3":"status-publish","4":"format-standard","5":"has-post-thumbnail","7":"category-russie","8":"tag-actualite","9":"tag-actualites","10":"tag-donald-trump","11":"tag-etats-unis","12":"tag-federation-de-russie","13":"tag-guerre-en-ukraine","14":"tag-monde","15":"tag-moscou","16":"tag-news","17":"tag-otan","18":"tag-russia","19":"tag-russian-federation","20":"tag-russie","21":"tag-vladimir-poutine","22":"tag-volodymyr-zelensky"},"share_on_mastodon":{"url":"https:\/\/pubeurope.com\/@fr\/114675454332775635","error":""},"_links":{"self":[{"href":"https:\/\/www.europesays.com\/fr\/wp-json\/wp\/v2\/posts\/173065","targetHints":{"allow":["GET"]}}],"collection":[{"href":"https:\/\/www.europesays.com\/fr\/wp-json\/wp\/v2\/posts"}],"about":[{"href":"https:\/\/www.europesays.com\/fr\/wp-json\/wp\/v2\/types\/post"}],"author":[{"embeddable":true,"href":"https:\/\/www.europesays.com\/fr\/wp-json\/wp\/v2\/users\/2"}],"replies":[{"embeddable":true,"href":"https:\/\/www.europesays.com\/fr\/wp-json\/wp\/v2\/comments?post=173065"}],"version-history":[{"count":0,"href":"https:\/\/www.europesays.com\/fr\/wp-json\/wp\/v2\/posts\/173065\/revisions"}],"wp:featuredmedia":[{"embeddable":true,"href":"https:\/\/www.europesays.com\/fr\/wp-json\/wp\/v2\/media\/173066"}],"wp:attachment":[{"href":"https:\/\/www.europesays.com\/fr\/wp-json\/wp\/v2\/media?parent=173065"}],"wp:term":[{"taxonomy":"category","embeddable":true,"href":"https:\/\/www.europesays.com\/fr\/wp-json\/wp\/v2\/categories?post=173065"},{"taxonomy":"post_tag","embeddable":true,"href":"https:\/\/www.europesays.com\/fr\/wp-json\/wp\/v2\/tags?post=173065"}],"curies":[{"name":"wp","href":"https:\/\/api.w.org\/{rel}","templated":true}]}}