{"id":173067,"date":"2025-06-13T09:55:18","date_gmt":"2025-06-13T09:55:18","guid":{"rendered":"https:\/\/www.europesays.com\/fr\/173067\/"},"modified":"2025-06-13T09:55:18","modified_gmt":"2025-06-13T09:55:18","slug":"le-ministre-allemand-refuse-tout-contact-avec-lavrov-tant-que-moscou-poursuit-sa-guerre-contre-lukraine","status":"publish","type":"post","link":"https:\/\/www.europesays.com\/fr\/173067\/","title":{"rendered":"Le ministre allemand refuse tout contact avec Lavrov tant que Moscou poursuit sa guerre contre l\u2019Ukraine"},"content":{"rendered":"<p style=\"text-align:justify;\">AA\/Berlin\/Ayhan \u015eim\u015fek<\/p>\n<p style=\"text-align:justify;\">Le ministre allemand des Affaires \u00e9trang\u00e8res, Johann Wadephul, a \u00e9cart\u00e9 jeudi toute possibilit\u00e9 de dialogue avec son homologue russe dans les conditions actuelles, malgr\u00e9 les appels de certains responsables politiques allemands en faveur d\u2019une politique \u00e9trang\u00e8re ax\u00e9e sur la paix.<\/p>\n<p style=\"text-align:justify;\">Lors d\u2019une conf\u00e9rence de presse \u00e0 Rome apr\u00e8s des r\u00e9unions avec ses homologues europ\u00e9ens, Wadephul a fermement condamn\u00e9 les r\u00e9centes frappes a\u00e9riennes et attaques de drones men\u00e9es par la Russie contre l\u2019Ukraine, estimant que ces actions d\u00e9montrent l\u2019absence de volont\u00e9 de Moscou de n\u00e9gocier la paix.<\/p>\n<p style=\"text-align:justify;\">\u00ab Nous sommes bien entendu toujours pr\u00eats \u00e0 n\u00e9gocier. Mais \u00e0 ce stade, il est clair que la Russie ne veut pas la paix, elle cherche la guerre. Tant que cela reste ainsi, nous soutiendrons fermement l\u2019Ukraine \u00bb, a-t-il d\u00e9clar\u00e9.<\/p>\n<p style=\"text-align:justify;\">Interrog\u00e9 sur la possibilit\u00e9 d\u2019un premier \u00e9change t\u00e9l\u00e9phonique avec son homologue russe, Sergue\u00ef Lavrov, \u00e0 la suite d\u2019un appel lanc\u00e9 par certains d\u00e9put\u00e9s allemands en faveur d\u2019un dialogue avec la Russie, Wadephul a exclu une telle d\u00e9marche.<\/p>\n<p style=\"text-align:justify;\">\u00ab Je ne vois actuellement ni opportunit\u00e9 ni possibilit\u00e9 pour de telles discussions. Si elles devaient avoir lieu un jour, ce serait uniquement avec une volont\u00e9 europ\u00e9enne commune, et l\u2019Allemagne n\u2019agirait que de concert avec ses partenaires europ\u00e9ens \u00bb, a-t-il affirm\u00e9.<\/p>\n<p style=\"text-align:justify;\">Plus t\u00f4t cette semaine, un groupe de responsables du Parti social-d\u00e9mocrate (SPD), partenaire de coalition des chr\u00e9tiens-d\u00e9mocrates, a publi\u00e9 une lettre ouverte appelant \u00e0 une politique \u00e9trang\u00e8re et de s\u00e9curit\u00e9 orient\u00e9e vers la paix.<\/p>\n<p style=\"text-align:justify;\">La lettre propose d\u2019initier des pourparlers diplomatiques avec la Russie pour mettre fin \u00e0 la guerre en Ukraine et discuter d\u2019un nouvel ordre de paix et de s\u00e9curit\u00e9 en Europe.<\/p>\n<p style=\"text-align:justify;\">Parmi les signataires figurent les d\u00e9put\u00e9s SPD Rolf M\u00fctzenich et Ralf Stegner, ainsi qu\u2019une centaine d\u2019autres personnalit\u00e9s.<\/p>\n<p style=\"text-align:justify;\">Trait\u00e9 de l&rsquo;anglais par Sanaa Amir<\/p>\n<p>                            &#13;<br \/>\n                                <a href=\"https:\/\/www.aa.com.tr\/fr\/p\/abonnement\/1001\" target=\"_blank\" style=\"font-size:12px; color:#444; text-decoration:none;\" rel=\"noopener\">&#13;<br \/>\n                                    Seulement une partie des d\u00e9p\u00eaches, que l&rsquo;Agence Anadolu diffuse \u00e0 ses abonn\u00e9s via le Syst\u00e8me de Diffusion interne (HAS), est diffus\u00e9e sur le site de l&rsquo;AA, de mani\u00e8re r\u00e9sum\u00e9e. <b style=\"color:#1897F7\">Contactez-nous s&rsquo;il vous pla\u00eet pour vous abonner.<\/b>&#13;<br \/>\n                                <\/a>&#13;<\/p>\n","protected":false},"excerpt":{"rendered":"AA\/Berlin\/Ayhan \u015eim\u015fek Le ministre allemand des Affaires \u00e9trang\u00e8res, Johann Wadephul, a \u00e9cart\u00e9 jeudi toute possibilit\u00e9 de dialogue avec&hellip;\n","protected":false},"author":2,"featured_media":173068,"comment_status":"","ping_status":"","sticky":false,"template":"","format":"standard","meta":{"footnotes":""},"categories":[1590],"tags":[11,1785,1777,674,22584,12,132,220],"class_list":{"0":"post-173067","1":"post","2":"type-post","3":"status-publish","4":"format-standard","5":"has-post-thumbnail","7":"category-ukraine","8":"tag-actualites","9":"tag-anadolu-ajansi","10":"tag-eu","11":"tag-europe","12":"tag-johann-wadephul","13":"tag-news","14":"tag-russie","15":"tag-ukraine"},"share_on_mastodon":{"url":"https:\/\/pubeurope.com\/@fr\/114675457989184693","error":""},"_links":{"self":[{"href":"https:\/\/www.europesays.com\/fr\/wp-json\/wp\/v2\/posts\/173067","targetHints":{"allow":["GET"]}}],"collection":[{"href":"https:\/\/www.europesays.com\/fr\/wp-json\/wp\/v2\/posts"}],"about":[{"href":"https:\/\/www.europesays.com\/fr\/wp-json\/wp\/v2\/types\/post"}],"author":[{"embeddable":true,"href":"https:\/\/www.europesays.com\/fr\/wp-json\/wp\/v2\/users\/2"}],"replies":[{"embeddable":true,"href":"https:\/\/www.europesays.com\/fr\/wp-json\/wp\/v2\/comments?post=173067"}],"version-history":[{"count":0,"href":"https:\/\/www.europesays.com\/fr\/wp-json\/wp\/v2\/posts\/173067\/revisions"}],"wp:featuredmedia":[{"embeddable":true,"href":"https:\/\/www.europesays.com\/fr\/wp-json\/wp\/v2\/media\/173068"}],"wp:attachment":[{"href":"https:\/\/www.europesays.com\/fr\/wp-json\/wp\/v2\/media?parent=173067"}],"wp:term":[{"taxonomy":"category","embeddable":true,"href":"https:\/\/www.europesays.com\/fr\/wp-json\/wp\/v2\/categories?post=173067"},{"taxonomy":"post_tag","embeddable":true,"href":"https:\/\/www.europesays.com\/fr\/wp-json\/wp\/v2\/tags?post=173067"}],"curies":[{"name":"wp","href":"https:\/\/api.w.org\/{rel}","templated":true}]}}