{"id":173075,"date":"2025-06-13T09:59:11","date_gmt":"2025-06-13T09:59:11","guid":{"rendered":"https:\/\/www.europesays.com\/fr\/173075\/"},"modified":"2025-06-13T09:59:11","modified_gmt":"2025-06-13T09:59:11","slug":"leurope-fete-les-40-ans-de-laccord-de-schengen-entre-acquis-majeurs-et-nouveaux-defis","status":"publish","type":"post","link":"https:\/\/www.europesays.com\/fr\/173075\/","title":{"rendered":"L&rsquo;Europe f\u00eate les 40 ans de l&rsquo;accord de Schengen, entre acquis majeurs et nouveaux d\u00e9fis"},"content":{"rendered":"<p>\tL&rsquo;Europe f\u00eate les 40 ans de l&rsquo;accord de Schengen, entre acquis majeurs et nouveaux d\u00e9fis &#8211; Touteleurope.eu<\/p>\n<p>\t\t<img decoding=\"async\" alt=\"fermer\" class=\"close-info\" src=\"https:\/\/www.touteleurope.eu\/wp-content\/themes\/toute_leurope\/assets\/images\/close-picto-blue.svg\"\/><\/p>\n<p>Touteleurope.eu est le site p\u00e9dagogique de r\u00e9f\u00e9rence sur les questions europ\u00e9ennes : <a href=\"https:\/\/www.touteleurope.eu\/qui-sommes-nous\/\" target=\"_blank\" rel=\"noopener nofollow\">Qui sommes-nous ?<\/a><\/p>\n<p><img decoding=\"async\" class=\"logo-pdf\" alt=\"Toute L'Europe \u2013 Comprendre l'Europe\" src=\"https:\/\/www.touteleurope.eu\/wp-content\/themes\/toute_leurope\/assets\/images\/logo-ttl.svg\"\/><\/p>\n","protected":false},"excerpt":{"rendered":"L&rsquo;Europe f\u00eate les 40 ans de l&rsquo;accord de Schengen, entre acquis majeurs et nouveaux d\u00e9fis &#8211; Touteleurope.eu Touteleurope.eu&hellip;\n","protected":false},"author":2,"featured_media":173076,"comment_status":"","ping_status":"","sticky":false,"template":"","format":"standard","meta":{"footnotes":""},"categories":[1586],"tags":[11,27224,5124,1777,674,1011,27,6430,1061,2443,2444,12,21376,25,656],"class_list":{"0":"post-173075","1":"post","2":"type-post","3":"status-publish","4":"format-standard","5":"has-post-thumbnail","7":"category-europe","8":"tag-actualites","9":"tag-construction-europeenne","10":"tag-espace-schengen","11":"tag-eu","12":"tag-europe","13":"tag-fr","14":"tag-france","15":"tag-frontieres","16":"tag-immigration","17":"tag-libre-circulation","18":"tag-libre-circulation-des-personnes","19":"tag-news","20":"tag-paix-et-securite","21":"tag-republique-francaise","22":"tag-securite"},"share_on_mastodon":{"url":"https:\/\/pubeurope.com\/@fr\/114675473740107794","error":""},"_links":{"self":[{"href":"https:\/\/www.europesays.com\/fr\/wp-json\/wp\/v2\/posts\/173075","targetHints":{"allow":["GET"]}}],"collection":[{"href":"https:\/\/www.europesays.com\/fr\/wp-json\/wp\/v2\/posts"}],"about":[{"href":"https:\/\/www.europesays.com\/fr\/wp-json\/wp\/v2\/types\/post"}],"author":[{"embeddable":true,"href":"https:\/\/www.europesays.com\/fr\/wp-json\/wp\/v2\/users\/2"}],"replies":[{"embeddable":true,"href":"https:\/\/www.europesays.com\/fr\/wp-json\/wp\/v2\/comments?post=173075"}],"version-history":[{"count":0,"href":"https:\/\/www.europesays.com\/fr\/wp-json\/wp\/v2\/posts\/173075\/revisions"}],"wp:featuredmedia":[{"embeddable":true,"href":"https:\/\/www.europesays.com\/fr\/wp-json\/wp\/v2\/media\/173076"}],"wp:attachment":[{"href":"https:\/\/www.europesays.com\/fr\/wp-json\/wp\/v2\/media?parent=173075"}],"wp:term":[{"taxonomy":"category","embeddable":true,"href":"https:\/\/www.europesays.com\/fr\/wp-json\/wp\/v2\/categories?post=173075"},{"taxonomy":"post_tag","embeddable":true,"href":"https:\/\/www.europesays.com\/fr\/wp-json\/wp\/v2\/tags?post=173075"}],"curies":[{"name":"wp","href":"https:\/\/api.w.org\/{rel}","templated":true}]}}