{"id":173077,"date":"2025-06-13T10:00:15","date_gmt":"2025-06-13T10:00:15","guid":{"rendered":"https:\/\/www.europesays.com\/fr\/173077\/"},"modified":"2025-06-13T10:00:15","modified_gmt":"2025-06-13T10:00:15","slug":"les-ong-ecologistes-apprecient-la-decision-de-la-cour-de-lue-et-celebrent-que-leurope-est-ferme-sur-la-protection-des-zones-marines","status":"publish","type":"post","link":"https:\/\/www.europesays.com\/fr\/173077\/","title":{"rendered":"Les ONG \u00e9cologistes appr\u00e9cient la d\u00e9cision de la Cour de l&rsquo;UE et c\u00e9l\u00e8brent que l&rsquo;Europe est ferme sur la protection des zones marines"},"content":{"rendered":"<p class=\"article-text\" data-wakoopa-seen=\"true\">Le tribunal g\u00e9n\u00e9ral de l&rsquo;Union europ\u00e9enne (TGU) a r\u00e9cemment rejet\u00e9 plusieurs ressources d\u00e9pos\u00e9es par l&rsquo;Espagne et par les galiciennes et les p\u00eacheurs asturiens contre la d\u00e9signation par la Commission europ\u00e9enne des r\u00e9gions qui doivent \u00eatre soumises \u00e0 <strong>protection<\/strong> En Espagne, consid\u00e9rant que <strong>Il y a, ou il y a probablement des \u00e9cosyst\u00e8mes marins vuln\u00e9rables<\/strong>.<\/p>\n<p class=\"article-text\" data-wakoopa-seen=\"true\">La phrase explique que la note de zone dans laquelle <strong>existence d&rsquo;\u00e9cosyst\u00e8mes marins vuln\u00e9rables ou dans lesquels ils sont susceptibles d&rsquo;exister<\/strong> Il est bas\u00e9 sur la pr\u00e9sence v\u00e9rifi\u00e9e ou possible d&rsquo;esp\u00e8ces prot\u00e9g\u00e9es et les caract\u00e9ristiques de l&rsquo;\u00e9cosyst\u00e8me lui-m\u00eame, qui n\u00e9cessitent des mesures de <strong>protection.<\/strong><\/p>\n<p class=\"article-text\" data-wakoopa-seen=\"true\">Le tribunal comprend que ces mesures sont celles qui garantissent la protection des zones marines par rapport aux effets n\u00e9gatifs importants des arts en g\u00e9n\u00e9ral, faisant r\u00e9f\u00e9rence \u00e0 divers types de <strong>Formes de p\u00eache nocives, en particulier pour les sols marins<\/strong>.<\/p>\n<p>La protection est cruciale pour pr\u00e9server les zones marines<\/p>\n<p>Les organisations \u00e9cologiques ont soulign\u00e9 l&rsquo;importance de la d\u00e9cision de la Cour g\u00e9n\u00e9rale de l&rsquo;Union europ\u00e9enne (TGU) qui a rejet\u00e9 plusieurs ressources d\u00e9pos\u00e9es par l&rsquo;Espagne et par les p\u00eacheurs asturiens et galiciens contre le <strong>Nomination par la Commission europ\u00e9enne des zones marines qui doivent \u00eatre une protection<\/strong>. Selon le TGU, il est n\u00e9cessaire de consid\u00e9rer qu&rsquo;il existe, ou il y a probablement, il existe des \u00e9cosyst\u00e8mes marins vuln\u00e9rables dans les zones de p\u00eache auxquelles les ressources de l&rsquo;Espagne et des p\u00eacheurs se r\u00e9f\u00e8rent.<\/p>\n<p>Le conseiller politique d&rsquo;Oceana, Michael Sealey, a indiqu\u00e9 qu &lsquo;\u00a0\u00bbils c\u00e9l\u00e8brent que l&rsquo;Europe reste ferme et que la Cour a statu\u00e9 en faveur de ces fermetures, car il est d\u00e9montr\u00e9 qu&rsquo;ils \u00e9taient bas\u00e9s sur la science pour la d\u00e9cision, une mesure qui est bien justifi\u00e9e et a suivi la m\u00e9thodologie correcte.\u00a0\u00bb<\/p>\n<p>Selon Sealey, ces fermetures \u00ab<strong>Ils prot\u00e8gent \u00e0 la fois des habitats et des esp\u00e8ces vuln\u00e9rables, qui sont \u00e9galement n\u00e9cessaires \u00e0 la p\u00eache<\/strong>c&rsquo;est-\u00e0-dire que vous devez prot\u00e9ger ces fonds sp\u00e9cifiques pour fournir des ressources suffisantes pour p\u00eacher pour \u00eatre productive \u00bb. Il a expliqu\u00e9 que \u00ab\u00a0ces fermetures, qui sont des polygones dans l&rsquo;Atlantique Nord, et correspondent \u00e0 un r\u00e8glement qui vise \u00e0 prot\u00e9ger les eaux profondes de cette zone de l&rsquo;oc\u00e9an\u00a0\u00bb.<\/p>\n<p>Il maintient que <strong>L&rsquo;Espagne a recouru \u00e0 ces fermetures parce qu&rsquo;elle consid\u00e8re que, entre autres, \u00able volet ne l&rsquo;affecte pas et que ces fermetures ont \u00e9t\u00e9 faites biais\u00e9es<\/strong> et sans prendre en compte certains facteurs socio-\u00e9conomiques. Apr\u00e8s la position de l&rsquo;Espagne et de certaines associations de p\u00eache, les fermetures ont \u00e9t\u00e9 compl\u00e8tement arr\u00eat\u00e9es \u00bb, dit-il.<\/p>\n<p>Marta Mart\u00edn Borreg\u00f3n, responsable des oc\u00e9ans et de la p\u00eache par Greenpeace Espagne, a expliqu\u00e9 que de cette ONG, ils sont heureux que \u00ab<strong>La Commission europ\u00e9enne est accord\u00e9e \u00e0 la protection des \u00e9cosyst\u00e8mes marins vuln\u00e9rables<\/strong>dans lequel il peut y avoir des esp\u00e8ces prot\u00e9g\u00e9es \u00bb.<\/p>\n<p>Alerte de Mart\u00edn Borreg\u00f3n sur <strong>La diminution des ressources marines, \u00ab\u00a0qui affectera la p\u00eache et les p\u00eacheurs\u00a0\u00bb<\/strong>. Par cons\u00e9quent, il soutient, il est n\u00e9cessaire de \u00abprot\u00e9ger l&rsquo;avenir du secteur de la p\u00eache, en faisant la promotion des arts de la p\u00eache qui respectent l&rsquo;environnement afin que les populations de poissons puissent \u00eatre r\u00e9cup\u00e9r\u00e9es, garantissant que l&rsquo;impact sur les \u00e9cosyst\u00e8mes marins est le moins possible et garantissant leur <strong>protection\u00a0\u00bb.<\/strong><\/p>\n<p>Rappelez-vous que de l&rsquo;organisation, ils ont <strong>d\u00e9velopp\u00e9 \u00ab\u00a0un mod\u00e8le alimentaire durable\u00a0\u00bb dans lequel ils montrent que si les arts de la p\u00eache industriels sont \u00e9limin\u00e9s<\/strong>parmi lesquels la tra\u00een\u00e9e en \u00e9tant des plus nocives, et une partie d&rsquo;entre elles est remplac\u00e9e par des arts de p\u00eache durables \u00ab\u00a0Les captures du National Caladero pourraient \u00eatre augment\u00e9es de 55% en ce qui concerne la situation actuelle\u00a0\u00bb.<\/p>\n<p>Il sugg\u00e8re \u00e9galement, en \u00e9liminant progressivement la flotte industrielle \u00e9lev\u00e9e de haute puissance dans le mod\u00e8le propos\u00e9, \u00ab<strong>Les \u00e9missions de CO2 seraient r\u00e9duites de 94% d&rsquo;ici 2050<\/strong>. Il est \u00e9vident, dit-il, que les mesures de protection sont plus que n\u00e9cessaires, mais ne peuvent pas \u00eatre mises de c\u00f4t\u00e9 au secteur \u00bb.<\/p>\n<p>\u00ab\u00a0Lequel <strong>C&rsquo;est que la Commission europ\u00e9enne prend en compte la partie sociale lors de la prise de ces d\u00e9cisions<\/strong>car il faudrait d\u00e9m\u00e9nager dans la flotte des arts de la p\u00eache respectueux de l&rsquo;environnement afin qu&rsquo;ils puissent continuer \u00e0 se consacrer \u00e0 la p\u00eache \u00bb, conclut-il.<\/p>\n<p>Le conseiller politique et politique de la Deep Sea Conservation Coalition, Matthew Gianni, a affirm\u00e9 dans un communiqu\u00e9 que cette phrase \u00ab<strong>Envoyez un signe clair que les r\u00e9glementations de p\u00eache en eau profonde ne r\u00e9pondent pas seulement \u00e0 son objectif<\/strong>mais doit \u00eatre impl\u00e9ment\u00e9 et enti\u00e8rement ex\u00e9cut\u00e9. \u00ab\u00a0<\/p>\n<p>Il a exhort\u00e9 la Commission europ\u00e9enne et les \u00c9tats membres \u00e0 \u00ab\u00a0proc\u00e9der sans plus tarder avec le nouvel ensemble de Vedas recommand\u00e9s par le Conseil international pour l&rsquo;exploration maritime (CIEM)\u00a0\u00bb. Pour sa part, le ministre de l&rsquo;Agriculture, des P\u00eaches et de l&rsquo;Espagne, <strong>Luis Planas a d\u00e9clar\u00e9 que l&rsquo;Espagne \u00e9tudie la proc\u00e9dure pour r\u00e9pondre au jugement de la Tgue<\/strong>. <strong>Efe \/ efe.com<\/strong><\/p>\n","protected":false},"excerpt":{"rendered":"Le tribunal g\u00e9n\u00e9ral de l&rsquo;Union europ\u00e9enne (TGU) a r\u00e9cemment rejet\u00e9 plusieurs ressources d\u00e9pos\u00e9es par l&rsquo;Espagne et par les&hellip;\n","protected":false},"author":2,"featured_media":173078,"comment_status":"","ping_status":"","sticky":false,"template":"","format":"standard","meta":{"footnotes":""},"categories":[1586],"tags":[11,30820,30821,8663,17227,154,2339,932,1777,674,1779,9095,1011,27,18308,13257,151,22371,12,4846,25,3356,1778,364,6249],"class_list":{"0":"post-173077","1":"post","2":"type-post","3":"status-publish","4":"format-standard","5":"has-post-thumbnail","7":"category-europe","8":"tag-actualites","9":"tag-apprecient","10":"tag-celebrent","11":"tag-cour","12":"tag-decision","13":"tag-des","14":"tag-ecologistes","15":"tag-est","16":"tag-eu","17":"tag-europe","18":"tag-european-union","19":"tag-ferme","20":"tag-fr","21":"tag-france","22":"tag-l39europe","23":"tag-l39ue","24":"tag-les","25":"tag-marines","26":"tag-news","27":"tag-protection","28":"tag-republique-francaise","29":"tag-sur","30":"tag-ue","31":"tag-union-europeenne","32":"tag-zones"},"share_on_mastodon":{"url":"https:\/\/pubeurope.com\/@fr\/114675477666891512","error":""},"_links":{"self":[{"href":"https:\/\/www.europesays.com\/fr\/wp-json\/wp\/v2\/posts\/173077","targetHints":{"allow":["GET"]}}],"collection":[{"href":"https:\/\/www.europesays.com\/fr\/wp-json\/wp\/v2\/posts"}],"about":[{"href":"https:\/\/www.europesays.com\/fr\/wp-json\/wp\/v2\/types\/post"}],"author":[{"embeddable":true,"href":"https:\/\/www.europesays.com\/fr\/wp-json\/wp\/v2\/users\/2"}],"replies":[{"embeddable":true,"href":"https:\/\/www.europesays.com\/fr\/wp-json\/wp\/v2\/comments?post=173077"}],"version-history":[{"count":0,"href":"https:\/\/www.europesays.com\/fr\/wp-json\/wp\/v2\/posts\/173077\/revisions"}],"wp:featuredmedia":[{"embeddable":true,"href":"https:\/\/www.europesays.com\/fr\/wp-json\/wp\/v2\/media\/173078"}],"wp:attachment":[{"href":"https:\/\/www.europesays.com\/fr\/wp-json\/wp\/v2\/media?parent=173077"}],"wp:term":[{"taxonomy":"category","embeddable":true,"href":"https:\/\/www.europesays.com\/fr\/wp-json\/wp\/v2\/categories?post=173077"},{"taxonomy":"post_tag","embeddable":true,"href":"https:\/\/www.europesays.com\/fr\/wp-json\/wp\/v2\/tags?post=173077"}],"curies":[{"name":"wp","href":"https:\/\/api.w.org\/{rel}","templated":true}]}}