{"id":173081,"date":"2025-06-13T10:02:10","date_gmt":"2025-06-13T10:02:10","guid":{"rendered":"https:\/\/www.europesays.com\/fr\/173081\/"},"modified":"2025-06-13T10:02:10","modified_gmt":"2025-06-13T10:02:10","slug":"disparition-inquietante-dune-fillette-de-11-ans-depuis-mercredi-soir","status":"publish","type":"post","link":"https:\/\/www.europesays.com\/fr\/173081\/","title":{"rendered":"Disparition inqui\u00e9tante d\u2019une fillette de 11 ans depuis mercredi soir"},"content":{"rendered":"<p>Une fillette 11 ans est <a href=\"https:\/\/www.20minutes.fr\/dossier\/disparition\" class=\"color-ultramarine c-link\" target=\"_blank\" rel=\"noopener\">introuvable<\/a> depuis mercredi soir. Les <a href=\"https:\/\/www.20minutes.fr\/dossier\/police\" class=\"color-ultramarine c-link\" target=\"_blank\" rel=\"noopener\">forces de l\u2019ordre<\/a> lancent un appel \u00e0 t\u00e9moins afin de retrouver sa trace. Hafsa El Ahian a \u00e9t\u00e9 vue pour la derni\u00e8re au\u00a0V\u00e9sinet, une commune des <a href=\"https:\/\/www.20minutes.fr\/societe\/yvelines\/\" class=\"color-ultramarine c-link\" target=\"_blank\" rel=\"noopener\">Yvelines<\/a>.<\/p>\n<p>Selon les informations diffus\u00e9es par la police du d\u00e9partement sur son <a href=\"https:\/\/www.20minutes.fr\/high-tech\/twitter\/\" class=\"color-ultramarine c-link\" target=\"_blank\" rel=\"noopener\">compte X<\/a>, Hafsa mesure entre 1,50 m et 1,55 m, a les yeux marron et les cheveux ch\u00e2tains longs tress\u00e9s. Au moment de sa disparition, elle portait un pyjama d\u2019\u00e9t\u00e9, un short clair avec motif de fleurs bleu et rouge et une paire de baskets noires.<\/p>\n<p class=\"mb-m@xs text-l@xs\">En cliquant sur\u00ab J\u2019accepte \u00bb, vous acceptez le d\u00e9p\u00f4t de cookies par des services externes et aurez ainsi acc\u00e8s aux contenus de nos partenaires.<\/p>\n<p class=\"mb-xl@xs text-s@xs\">Plus d\u2019informations sur la page<a href=\"https:\/\/www.20minutes.fr\/gestion-cookies\" class=\"mx-xxs@xs color-ultramarine\" target=\"_blank\" rel=\"noopener\">Politique de gestion des cookies<\/a><\/p>\n<p>J\u2019accepte<\/p>\n<p>Les policiers invitent toute personne poss\u00e9dant des informations ou l\u2019ayant aper\u00e7ue \u00e0 contacter le commissariat de <a href=\"https:\/\/www.20minutes.fr\/dossier\/saint-germain-en-laye\" class=\"color-ultramarine c-link\" target=\"_blank\" rel=\"noopener\">Saint-Germain-en-Laye<\/a> au 01\u00a039\u00a010\u00a091\u00a003.<\/p>\n","protected":false},"excerpt":{"rendered":"Une fillette 11 ans est introuvable depuis mercredi soir. Les forces de l\u2019ordre lancent un appel \u00e0 t\u00e9moins&hellip;\n","protected":false},"author":2,"featured_media":173082,"comment_status":"","ping_status":"","sticky":false,"template":"","format":"standard","meta":{"footnotes":""},"categories":[2],"tags":[11,2715,1011,27,662,12,626,1072,959,1306,25,1938],"class_list":{"0":"post-173081","1":"post","2":"type-post","3":"status-publish","4":"format-standard","5":"has-post-thumbnail","7":"category-actualites","8":"tag-actualites","9":"tag-disparition","10":"tag-fr","11":"tag-france","12":"tag-ile-de-france","13":"tag-news","14":"tag-paris","15":"tag-police","16":"tag-recherche","17":"tag-regions","18":"tag-republique-francaise","19":"tag-yvelines"},"share_on_mastodon":{"url":"https:\/\/pubeurope.com\/@fr\/114675485487729750","error":""},"_links":{"self":[{"href":"https:\/\/www.europesays.com\/fr\/wp-json\/wp\/v2\/posts\/173081","targetHints":{"allow":["GET"]}}],"collection":[{"href":"https:\/\/www.europesays.com\/fr\/wp-json\/wp\/v2\/posts"}],"about":[{"href":"https:\/\/www.europesays.com\/fr\/wp-json\/wp\/v2\/types\/post"}],"author":[{"embeddable":true,"href":"https:\/\/www.europesays.com\/fr\/wp-json\/wp\/v2\/users\/2"}],"replies":[{"embeddable":true,"href":"https:\/\/www.europesays.com\/fr\/wp-json\/wp\/v2\/comments?post=173081"}],"version-history":[{"count":0,"href":"https:\/\/www.europesays.com\/fr\/wp-json\/wp\/v2\/posts\/173081\/revisions"}],"wp:featuredmedia":[{"embeddable":true,"href":"https:\/\/www.europesays.com\/fr\/wp-json\/wp\/v2\/media\/173082"}],"wp:attachment":[{"href":"https:\/\/www.europesays.com\/fr\/wp-json\/wp\/v2\/media?parent=173081"}],"wp:term":[{"taxonomy":"category","embeddable":true,"href":"https:\/\/www.europesays.com\/fr\/wp-json\/wp\/v2\/categories?post=173081"},{"taxonomy":"post_tag","embeddable":true,"href":"https:\/\/www.europesays.com\/fr\/wp-json\/wp\/v2\/tags?post=173081"}],"curies":[{"name":"wp","href":"https:\/\/api.w.org\/{rel}","templated":true}]}}