{"id":173083,"date":"2025-06-13T10:03:11","date_gmt":"2025-06-13T10:03:11","guid":{"rendered":"https:\/\/www.europesays.com\/fr\/173083\/"},"modified":"2025-06-13T10:03:11","modified_gmt":"2025-06-13T10:03:11","slug":"villedieu-sur-indre-pense-au-tour-de-france","status":"publish","type":"post","link":"https:\/\/www.europesays.com\/fr\/173083\/","title":{"rendered":"Villedieu-sur-Indre pense au Tour de France"},"content":{"rendered":"<p>La ville de Villedieu-sur-Indre veut que le passage du Tour de France le 13\u00a0juillet 2025 soit une belle et grande f\u00eate populaire. Les services techniques ont commenc\u00e9 les d\u00e9corations avec l\u2019installation de bornes g\u00e9antes aux entr\u00e9es de la ville mais aussi all\u00e9e de Mehun, des v\u00e9los anciens dans les parreterres de fleurs et des v\u00e9los en bois aux couleurs des maillots du Tour de France. Mardi 10\u00a0juin, Nad\u00e8ge a d\u00e9but\u00e9 la d\u00e9coration des vitrines des commer\u00e7ants \u00e0 la demande de la municipalit\u00e9. En fin de semaine, la ville prendra encore d\u2019ampleur en termes de d\u00e9corations.<\/p>\n","protected":false},"excerpt":{"rendered":"La ville de Villedieu-sur-Indre veut que le passage du Tour de France le 13\u00a0juillet 2025 soit une belle&hellip;\n","protected":false},"author":2,"featured_media":173084,"comment_status":"","ping_status":"","sticky":false,"template":"","format":"standard","meta":{"footnotes":""},"categories":[4],"tags":[11,1674,1011,27,12,25,30822],"class_list":{"0":"post-173083","1":"post","2":"type-post","3":"status-publish","4":"format-standard","5":"has-post-thumbnail","7":"category-france","8":"tag-actualites","9":"tag-communes","10":"tag-fr","11":"tag-france","12":"tag-news","13":"tag-republique-francaise","14":"tag-villedieu-sur-indre"},"share_on_mastodon":{"url":"https:\/\/pubeurope.com\/@fr\/114675489422218324","error":""},"_links":{"self":[{"href":"https:\/\/www.europesays.com\/fr\/wp-json\/wp\/v2\/posts\/173083","targetHints":{"allow":["GET"]}}],"collection":[{"href":"https:\/\/www.europesays.com\/fr\/wp-json\/wp\/v2\/posts"}],"about":[{"href":"https:\/\/www.europesays.com\/fr\/wp-json\/wp\/v2\/types\/post"}],"author":[{"embeddable":true,"href":"https:\/\/www.europesays.com\/fr\/wp-json\/wp\/v2\/users\/2"}],"replies":[{"embeddable":true,"href":"https:\/\/www.europesays.com\/fr\/wp-json\/wp\/v2\/comments?post=173083"}],"version-history":[{"count":0,"href":"https:\/\/www.europesays.com\/fr\/wp-json\/wp\/v2\/posts\/173083\/revisions"}],"wp:featuredmedia":[{"embeddable":true,"href":"https:\/\/www.europesays.com\/fr\/wp-json\/wp\/v2\/media\/173084"}],"wp:attachment":[{"href":"https:\/\/www.europesays.com\/fr\/wp-json\/wp\/v2\/media?parent=173083"}],"wp:term":[{"taxonomy":"category","embeddable":true,"href":"https:\/\/www.europesays.com\/fr\/wp-json\/wp\/v2\/categories?post=173083"},{"taxonomy":"post_tag","embeddable":true,"href":"https:\/\/www.europesays.com\/fr\/wp-json\/wp\/v2\/tags?post=173083"}],"curies":[{"name":"wp","href":"https:\/\/api.w.org\/{rel}","templated":true}]}}