{"id":173099,"date":"2025-06-13T10:13:09","date_gmt":"2025-06-13T10:13:09","guid":{"rendered":"https:\/\/www.europesays.com\/fr\/173099\/"},"modified":"2025-06-13T10:13:09","modified_gmt":"2025-06-13T10:13:09","slug":"rencontre-avec-alexis-tramoni-lhumoriste-trash-qui-bouscule-les-codes","status":"publish","type":"post","link":"https:\/\/www.europesays.com\/fr\/173099\/","title":{"rendered":"Rencontre avec Alexis Tramoni, l&rsquo;humoriste trash qui bouscule les codes"},"content":{"rendered":"<p><strong>\u00c0 29 ans, votre nom appara\u00eet de plus en plus souvent \u00e0 l&rsquo;affiche des salles de spectacle dans toute la France. Qu&rsquo;est-ce qui vous a amen\u00e9 \u00e0 vous lancer dans le rire et \u00e0 faire de la sc\u00e8ne\u00a0?<\/strong>&#13;\n<\/p>\n<p>J&rsquo;ai grandi \u00e0 Paris dans le 7e arrondissement tout en passant trois mois par an au village \u00e0 faire des conneries et \u00e0 me faire une sale r\u00e9putation l\u00e0-bas (rire). Et j&rsquo;ai fait mes premiers pas au th\u00e9\u00e2tre vers l&rsquo;\u00e2ge de 14\/15 ans. C&rsquo;est l\u00e0 que j&rsquo;ai senti que j&rsquo;aimais \u00e7a. Le probl\u00e8me c&rsquo;est que je viens d&rsquo;un milieu o\u00f9 il \u00e9tait inenvisageable de travailler dans le domaine artistique. Ma famille m&rsquo;a dit qu&rsquo;il fallait poursuivre des \u00e9tudes, alors apr\u00e8s le bac je me suis inscrit \u00e0 la Sorbonne pour leur faire plaisir mais je n&rsquo;y allais jamais. Tr\u00e8s vite je me suis rendu compte que je n&rsquo;avais vraiment pas envie de me retrouver dans un bureau. J&rsquo;ai plut\u00f4t encha\u00een\u00e9 avec le Cours Florent en me disant que je serais acteur et d&rsquo;ailleurs je veux toujours faire du cin\u00e9ma. Mais depuis six ans, j&rsquo;ai fait le choix de me lancer dans l&rsquo;humour car ma vraie passion c&rsquo;est la sc\u00e8ne. Le Cours Florent c&rsquo;\u00e9tait sympa mais j&rsquo;ai rencontr\u00e9 des difficult\u00e9s avec les autres \u00e9l\u00e8ves com\u00e9diens qui ne me supportaient pas. J&rsquo;avais plut\u00f4t une mentalit\u00e9 d&rsquo;humoriste qui aime bien faire sans cesse des blagues, alors qu&rsquo;eux \u00e9taient beaucoup plus s\u00e9rieux. De m\u00e8re corse, j&rsquo;ai choisi de garder mon nom maternel pour la sc\u00e8ne mais \u00e7a ne lui pla\u00eet pas (rire).<\/p>\n<p>Des d\u00e9buts en 2019<\/p>\n<p><strong>Parlez-nous de vos d\u00e9buts sur sc\u00e8ne.<\/strong>&#13;\n<\/p>\n<p>J&rsquo;ai commenc\u00e9 le stand up en 2019 parce que c&rsquo;\u00e9tait comme une \u00e9vidence pour moi. D&rsquo;abord dans des caves parisiennes pour tester mes blagues et je me suis tout de suite d\u00e9marqu\u00e9 par mon style tr\u00e8s trash, tr\u00e8s cash. Mon premier spectacle c&rsquo;\u00e9tait \u00e0 la Petite Loge vers fin 2021, la plus petite salle de Paris avec 25 places. L\u00e0-bas, j&rsquo;enregistrais les vid\u00e9os de mes chroniques d&rsquo;actualit\u00e9 que je diffusais ensuite sur les r\u00e9seaux sociaux. C&rsquo;est \u00e0 partir de l\u00e0 que j&rsquo;ai commenc\u00e9 \u00e0 accro\u00eetre mon nombre de followers et \u00e0 tourner sur diff\u00e9rentes sc\u00e8nes. Pendant cinq ans mon spectacle s&rsquo;appelait Tramoniquetam\u00e8re. \u00c7a m&rsquo;a bien servi pour me faire remarquer mais aujourd&rsquo;hui je pense que j&rsquo;ai grandi dans mon approche de l&rsquo;humour. Mes blagues vont continuer d&rsquo;\u00eatre trash, acides, mais j&rsquo;ai aussi envie d&rsquo;apporter une couche de sinc\u00e9rit\u00e9 qui ne se d\u00e9gageait pas forc\u00e9ment dans ce que je montrais jusqu&rsquo;ici. Le spectacle initial a beaucoup \u00e9volu\u00e9 et je commence \u00e0 m&rsquo;en d\u00e9tacher pour proposer autre chose.<\/p>\n","protected":false},"excerpt":{"rendered":"\u00c0 29 ans, votre nom appara\u00eet de plus en plus souvent \u00e0 l&rsquo;affiche des salles de spectacle dans&hellip;\n","protected":false},"author":2,"featured_media":173100,"comment_status":"","ping_status":"","sticky":false,"template":"","format":"standard","meta":{"footnotes":""},"categories":[1359],"tags":[17,30823,30827,1687,58,59,1011,27,30825,151,973,3583,30824,30826],"class_list":{"0":"post-173099","1":"post","2":"type-post","3":"status-publish","4":"format-standard","5":"has-post-thumbnail","7":"category-people","8":"tag-17","9":"tag-alexis","10":"tag-bouscule","11":"tag-culture-loisirs","12":"tag-divertissement","13":"tag-entertainment","14":"tag-fr","15":"tag-france","16":"tag-lhumoriste","17":"tag-les","18":"tag-people","19":"tag-qui","20":"tag-tramoni","21":"tag-trash"},"share_on_mastodon":{"url":"https:\/\/pubeurope.com\/@fr\/114675528811592303","error":""},"_links":{"self":[{"href":"https:\/\/www.europesays.com\/fr\/wp-json\/wp\/v2\/posts\/173099","targetHints":{"allow":["GET"]}}],"collection":[{"href":"https:\/\/www.europesays.com\/fr\/wp-json\/wp\/v2\/posts"}],"about":[{"href":"https:\/\/www.europesays.com\/fr\/wp-json\/wp\/v2\/types\/post"}],"author":[{"embeddable":true,"href":"https:\/\/www.europesays.com\/fr\/wp-json\/wp\/v2\/users\/2"}],"replies":[{"embeddable":true,"href":"https:\/\/www.europesays.com\/fr\/wp-json\/wp\/v2\/comments?post=173099"}],"version-history":[{"count":0,"href":"https:\/\/www.europesays.com\/fr\/wp-json\/wp\/v2\/posts\/173099\/revisions"}],"wp:featuredmedia":[{"embeddable":true,"href":"https:\/\/www.europesays.com\/fr\/wp-json\/wp\/v2\/media\/173100"}],"wp:attachment":[{"href":"https:\/\/www.europesays.com\/fr\/wp-json\/wp\/v2\/media?parent=173099"}],"wp:term":[{"taxonomy":"category","embeddable":true,"href":"https:\/\/www.europesays.com\/fr\/wp-json\/wp\/v2\/categories?post=173099"},{"taxonomy":"post_tag","embeddable":true,"href":"https:\/\/www.europesays.com\/fr\/wp-json\/wp\/v2\/tags?post=173099"}],"curies":[{"name":"wp","href":"https:\/\/api.w.org\/{rel}","templated":true}]}}