{"id":173105,"date":"2025-06-13T10:16:18","date_gmt":"2025-06-13T10:16:18","guid":{"rendered":"https:\/\/www.europesays.com\/fr\/173105\/"},"modified":"2025-06-13T10:16:18","modified_gmt":"2025-06-13T10:16:18","slug":"malcolm-linterprete-de-dewey-a-une-excellente-raison-de-ne-pas-revenir-pour-la-saison-8","status":"publish","type":"post","link":"https:\/\/www.europesays.com\/fr\/173105\/","title":{"rendered":"Malcolm : l&rsquo;interpr\u00e8te de Dewey a une excellente raison de ne pas revenir pour la saison 8"},"content":{"rendered":"<p>Erik Per Sullivan, qui incarnait Dewey dans Malcolm, ne sera pas de la partie pour la saison 8, actuellement en cours de production. Il faut dire que le com\u00e9dien a d\u2019autres projets, tout aussi prestigieux, dans les cartons. <\/p>\n<p>Il s\u2019agit de l\u2019un des retours les plus attendus des prochains mois : celui de <a href=\"https:\/\/www.numerama.com\/series-tv\/malcolm\/\" data-type=\"tv-shows\" data-id=\"1937473\" target=\"_blank\" rel=\"noopener\">Malcolm<\/a>, qui f\u00eatera ses 20 ans en nous offrant <a href=\"https:\/\/www.numerama.com\/pop-culture\/1956723-quand-sort-la-saison-8-de-malcolm-sur-disney.html\" data-type=\"post\" data-id=\"1956723\" target=\"_blank\" rel=\"noopener\">une saison 8<\/a>, totalement inesp\u00e9r\u00e9e. Pour l\u2019occasion, le casting original a \u00e9videmment r\u00e9pondu pr\u00e9sent, de Frankie Muniz (Malcolm) \u00e0 <a href=\"https:\/\/www.numerama.com\/pop-culture\/1937033-malcolm-bryan-cranston-sest-battu-pour-le-retour-de-la-serie-pendant-des-annees.html\" data-type=\"post\" data-id=\"1937033\" target=\"_blank\" rel=\"noopener\">Bryan Cranston (Hal)<\/a> en passant par Jane Kaczmarek (Lois).<\/p>\n<p>Un seul nom manque \u00e0 l\u2019appel : celui d\u2019Erik Per Sullivan, l\u2019interpr\u00e8te de Dewey, qui sera remplac\u00e9 par Caleb Ellsworth-Clark (vu dans <a href=\"https:\/\/www.numerama.com\/series-tv\/the-expanse\/\" target=\"_blank\" rel=\"noopener\">The Expanse<\/a>). Il faut dire que l\u2019acteur am\u00e9ricain a quitt\u00e9 les plateaux de tournage depuis 2010, quelques ann\u00e9es apr\u00e8s la fin de Malcolm. Et derri\u00e8re son absence, se cache une excellente nouvelle pour le com\u00e9dien, d\u00e9sormais \u00e2g\u00e9 de 33 ans.<\/p>\n<p>\u00ab Le m\u00e9tier d\u2019acteur ne l\u2019int\u00e9ressait pas \u00bb<\/p>\n<p>Dans un entretien accord\u00e9 le 11 juin 2025 <a href=\"https:\/\/podcasts.apple.com\/us\/podcast\/bryan-cranston\/id1603639502?i=1000712399466\" target=\"_blank\" rel=\"noopener\">au podcast Fly on the Wall<\/a>, d\u00e9di\u00e9 aux coulisses de l\u2019industrie du divertissement, Bryan Cranston, qui joue le p\u00e8re de Dewey dans Malcolm, est ainsi longuement revenu sur cette saison 8, tr\u00e8s attendue. L\u2019acteur phare de <a href=\"https:\/\/www.numerama.com\/series-tv\/breaking-bad\/\" data-type=\"tv-shows\" data-id=\"974083\" target=\"_blank\" rel=\"noopener\">Breaking Bad<\/a> a notamment partag\u00e9 une certaine nostalgie \u00e0 l\u2019id\u00e9e de retrouver le casting original : \u00ab C\u2019est fou de voir que ces jeunes gar\u00e7ons, qui \u00e9taient mes enfants dans la s\u00e9rie, ont maintenant le m\u00eame \u00e2ge que j\u2019avais lorsqu\u2019on l\u2019a commenc\u00e9e, et qu\u2019ils ont des enfants \u00e0 leur tour. \u00bb<\/p>\n<p>S\u2019il regrette qu\u2019Erik Per Sullivan soit \u00ab le seul \u00e0 ne pas \u00eatre revenu pour jouer dans la suite de la s\u00e9rie \u00bb, il a tout de m\u00eame r\u00e9v\u00e9l\u00e9 la raison de son absence : \u00ab En fait, il va \u00e9tudier \u00e0 Harvard. Il est tr\u00e8s, tr\u00e8s intelligent et il suit un master l\u00e0-bas en ce moment m\u00eame. \u00bb<\/p>\n<p><a href=\"https:\/\/www.numerama.com\/wp-content\/uploads\/2025\/04\/1200x680-malcolm.jpg\" target=\"_blank\" rel=\"noopener\"><img decoding=\"async\" width=\"1024\" height=\"575\" loading=\"lazy\" alt=\"La famille de Malcolm au grand complet \/\/ Source : Fox\" title=\"La famille de Malcolm au grand complet \/\/ Source : Fox\" class=\"wp-image-1956737 placeholder-default wp-image\" src=\"https:\/\/www.europesays.com\/fr\/wp-content\/uploads\/2025\/06\/1200x680-malcolm-1024x575.jpg\" \/><\/a>La famille de Malcolm au grand complet. \/\/ Source : Fox<\/p>\n<p>Consid\u00e9rant l\u2019immense r\u00e9putation de cette prestigieuse universit\u00e9, on peut difficilement lui en vouloir de prioriser ses \u00e9tudes \u00e0 son retour sur les plateaux de tournage. En avril 2024, Jane Kaczmarek, qui joue Lois dans la s\u00e9rie, avait d\u00e9j\u00e0 donn\u00e9 des nouvelles d\u2019Erik Per Sullivan <a target=\"_blank\" href=\"https:\/\/www.youtube.com\/watch?v=B_0eEAPHQ1M\" rel=\"noopener\">aupr\u00e8s du site sp\u00e9cialis\u00e9 Malcolm France<\/a>.<\/p>\n<p>L\u2019actrice avait alors \u00e9voqu\u00e9 le parcours de l\u2019interpr\u00e8te de Dewey, qui a travaill\u00e9 sur la sitcom de ses 7 ans jusqu\u2019\u00e0 ses 14 ans : \u00ab Le m\u00e9tier d\u2019acteur ne l\u2019int\u00e9ressait pas. Il \u00e9tudie dans une universit\u00e9 am\u00e9ricaine extr\u00eamement prestigieuse et il adore Charles Dickens. Il fait de la recherche en litt\u00e9rature victorienne, notamment autour de l\u2019\u00e9crivain britannique. Je dois dire que c\u2019est quelque chose que j\u2019admire. Les gens s\u2019imaginent que le show-biz, c\u2019est le r\u00eave, mais ce n\u2019est pas fait pour tout le monde. \u00bb<\/p>\n<p>        <img decoding=\"async\" width=\"168\" height=\"168\" loading=\"lazy\" alt=\"Source : Montage Numerama\" title=\"Source : Montage Numerama\" class=\"placeholder-default wp-image\" src=\"https:\/\/www.europesays.com\/fr\/wp-content\/uploads\/2025\/06\/1749809776_840_comparatif-svod-200x200.jpg\" \/>    <\/p>\n<p>        Quel est le service de SVOD fait pour vous ?<br \/>\n        Quelle plateforme de streaming choisir en 2025\u00a0? Comparatif entre Netflix, Prime Video, Max, Apple TV+\u2026<br \/>\n        <a href=\"https:\/\/www.numerama.com\/pop-culture\/541742-netflix-amazon-canal-ocs-apple-tv-le-grand-comparatif-2019-des-offres-de-svod-en-france.html\" class=\"btn is-family-secondary is-text-weight-bold has-text-left mt-2\" target=\"_blank\" rel=\"noopener\">D\u00e9couvrez notre comparateur<\/a><\/p>\n<p>            <img decoding=\"async\" src=\"https:\/\/www.europesays.com\/fr\/wp-content\/uploads\/2025\/04\/iPhone-16-pro.png\" alt=\"Toute l'actu tech en un clien d'oeil\"\/><\/p>\n<p class=\"card-install-pwa__title\">Toute l&rsquo;actu tech en un clin d&rsquo;\u0153il<\/p>\n<p class=\"card-install-pwa__description\">Ajoutez Numerama \u00e0 votre \u00e9cran d&rsquo;accueil et restez connect\u00e9s au futur !<\/p>\n<p>            <img decoding=\"async\" src=\"https:\/\/www.numerama.com\/wp-content\/themes\/numerama-next\/assets\/images\/premium\/logo-card-pwa-coupe.svg\" alt=\"Logo PWA\"\/><\/p>\n<p>       Installer Numerama<\/p>\n","protected":false},"excerpt":{"rendered":"Erik Per Sullivan, qui incarnait Dewey dans Malcolm, ne sera pas de la partie pour la saison 8,&hellip;\n","protected":false},"author":2,"featured_media":173106,"comment_status":"","ping_status":"","sticky":false,"template":"","format":"standard","meta":{"footnotes":""},"categories":[1356],"tags":[10451,58,59,1011,27,30828,252,1364,7259],"class_list":{"0":"post-173105","1":"post","2":"type-post","3":"status-publish","4":"format-standard","5":"has-post-thumbnail","7":"category-television","8":"tag-disney-plus","9":"tag-divertissement","10":"tag-entertainment","11":"tag-fr","12":"tag-france","13":"tag-malcolm","14":"tag-television","15":"tag-tv","16":"tag-vie-du-streaming"},"share_on_mastodon":{"url":"https:\/\/pubeurope.com\/@fr\/114675540622501727","error":""},"_links":{"self":[{"href":"https:\/\/www.europesays.com\/fr\/wp-json\/wp\/v2\/posts\/173105","targetHints":{"allow":["GET"]}}],"collection":[{"href":"https:\/\/www.europesays.com\/fr\/wp-json\/wp\/v2\/posts"}],"about":[{"href":"https:\/\/www.europesays.com\/fr\/wp-json\/wp\/v2\/types\/post"}],"author":[{"embeddable":true,"href":"https:\/\/www.europesays.com\/fr\/wp-json\/wp\/v2\/users\/2"}],"replies":[{"embeddable":true,"href":"https:\/\/www.europesays.com\/fr\/wp-json\/wp\/v2\/comments?post=173105"}],"version-history":[{"count":0,"href":"https:\/\/www.europesays.com\/fr\/wp-json\/wp\/v2\/posts\/173105\/revisions"}],"wp:featuredmedia":[{"embeddable":true,"href":"https:\/\/www.europesays.com\/fr\/wp-json\/wp\/v2\/media\/173106"}],"wp:attachment":[{"href":"https:\/\/www.europesays.com\/fr\/wp-json\/wp\/v2\/media?parent=173105"}],"wp:term":[{"taxonomy":"category","embeddable":true,"href":"https:\/\/www.europesays.com\/fr\/wp-json\/wp\/v2\/categories?post=173105"},{"taxonomy":"post_tag","embeddable":true,"href":"https:\/\/www.europesays.com\/fr\/wp-json\/wp\/v2\/tags?post=173105"}],"curies":[{"name":"wp","href":"https:\/\/api.w.org\/{rel}","templated":true}]}}