{"id":17311,"date":"2025-04-11T12:50:08","date_gmt":"2025-04-11T12:50:08","guid":{"rendered":"https:\/\/www.europesays.com\/fr\/17311\/"},"modified":"2025-04-11T12:50:08","modified_gmt":"2025-04-11T12:50:08","slug":"miguel-oliveira-sera-a-losail-avec-pramac-nous-avons-ressenti-que-cetait-important","status":"publish","type":"post","link":"https:\/\/www.europesays.com\/fr\/17311\/","title":{"rendered":"Miguel Oliveira sera \u00e0 Losail avec Pramac : \u00ab Nous avons ressenti que c&rsquo;\u00e9tait important \u00bb"},"content":{"rendered":"<p>Bien qu\u2019il soit toujours \u00e9cart\u00e9 des courses, Miguel Oliveira fait son retour dans le paddock de MotoGP ce week-end au GP du Qatar \u2013 pour rejoindre Prima Pramac Yamaha sur place, tout comme Jorge Mart\u00edn l\u2019a fait avec Aprilia \u00e0 Austin.<\/p>\n<p>Le #88 a r\u00e9v\u00e9l\u00e9 sur sa cha\u00eene YouTube : \u2018Nous avons d\u00e9cid\u00e9 d\u2019aller au Qatar pour \u00eatre avec l\u2019\u00e9quipe. Ce sera un court s\u00e9jour, mais \u00e0 ce stade o\u00f9 nous nous connaissons d\u00e9j\u00e0, bien s\u00fbr, mais il y a encore du travail \u00e0 suivre, nous avons estim\u00e9 qu\u2019il \u00e9tait important de prendre ce week-end et d\u2019aller au Qatar\u2019.<\/p>\n<p>Ce voyage \u00e0 Losail ne compromet pas le processus de gu\u00e9rison, comme l\u2019a pr\u00e9cis\u00e9 Oliveira : \u2018C\u2019est quelque chose que nous avons d\u00e9cid\u00e9 ensemble avec le m\u00e9decin, cela n\u2019affectera pas ma r\u00e9cup\u00e9ration. Donc, c\u2019est tr\u00e8s positif de pouvoir \u00eatre avec l\u2019\u00e9quipe et dans cet environnement\u2019.<\/p>\n<p>Bien qu\u2019il admette qu\u2019\u00eatre \u00e9loign\u00e9 de la piste n\u2019est pas facile, le Portugais a exprim\u00e9 sa curiosit\u00e9 de vivre le week-end de course d\u2019une perspective diff\u00e9rente : \u2018Ce sera toujours difficile d\u2019\u00eatre dans le paddock et de ne pas pouvoir courir, mais pouvoir suivre l\u2019int\u00e9gralit\u00e9 du week-end de l\u2019ext\u00e9rieur est quelque chose que je n\u2019ai jamais fait, et j\u2019\u00e9tais curieux de voir \u00e0 quoi cela ressemble. Donc, nous verrons comment cela se passe, et je soutiendrai l\u2019\u00e9quipe de l\u2019ext\u00e9rieur\u2019.<\/p>\n","protected":false},"excerpt":{"rendered":"Bien qu\u2019il soit toujours \u00e9cart\u00e9 des courses, Miguel Oliveira fait son retour dans le paddock de MotoGP ce&hellip;\n","protected":false},"author":2,"featured_media":17312,"comment_status":"","ping_status":"","sticky":false,"template":"","format":"standard","meta":{"footnotes":""},"categories":[1413],"tags":[1011,27,3594,1457,1456,1458,6993,6994,6995,60],"class_list":{"0":"post-17311","1":"post","2":"type-post","3":"status-publish","4":"format-standard","5":"has-post-thumbnail","7":"category-moto","8":"tag-fr","9":"tag-france","10":"tag-miguel-oliveira","11":"tag-moto","12":"tag-motocycle","13":"tag-motogp","14":"tag-motogp-losail","15":"tag-prima-pramac-yamaha-motogp-team","16":"tag-qatar-gp","17":"tag-sports"},"share_on_mastodon":{"url":"https:\/\/pubeurope.com\/@fr\/114319420534801687","error":""},"_links":{"self":[{"href":"https:\/\/www.europesays.com\/fr\/wp-json\/wp\/v2\/posts\/17311","targetHints":{"allow":["GET"]}}],"collection":[{"href":"https:\/\/www.europesays.com\/fr\/wp-json\/wp\/v2\/posts"}],"about":[{"href":"https:\/\/www.europesays.com\/fr\/wp-json\/wp\/v2\/types\/post"}],"author":[{"embeddable":true,"href":"https:\/\/www.europesays.com\/fr\/wp-json\/wp\/v2\/users\/2"}],"replies":[{"embeddable":true,"href":"https:\/\/www.europesays.com\/fr\/wp-json\/wp\/v2\/comments?post=17311"}],"version-history":[{"count":0,"href":"https:\/\/www.europesays.com\/fr\/wp-json\/wp\/v2\/posts\/17311\/revisions"}],"wp:featuredmedia":[{"embeddable":true,"href":"https:\/\/www.europesays.com\/fr\/wp-json\/wp\/v2\/media\/17312"}],"wp:attachment":[{"href":"https:\/\/www.europesays.com\/fr\/wp-json\/wp\/v2\/media?parent=17311"}],"wp:term":[{"taxonomy":"category","embeddable":true,"href":"https:\/\/www.europesays.com\/fr\/wp-json\/wp\/v2\/categories?post=17311"},{"taxonomy":"post_tag","embeddable":true,"href":"https:\/\/www.europesays.com\/fr\/wp-json\/wp\/v2\/tags?post=17311"}],"curies":[{"name":"wp","href":"https:\/\/api.w.org\/{rel}","templated":true}]}}