{"id":173119,"date":"2025-06-13T10:23:12","date_gmt":"2025-06-13T10:23:12","guid":{"rendered":"https:\/\/www.europesays.com\/fr\/173119\/"},"modified":"2025-06-13T10:23:12","modified_gmt":"2025-06-13T10:23:12","slug":"les-places-boursieres-europeennes-plombees-par-les-tensions-geopolitiques-au-moyen-orient","status":"publish","type":"post","link":"https:\/\/www.europesays.com\/fr\/173119\/","title":{"rendered":"Les places boursi\u00e8res europ\u00e9ennes plomb\u00e9es par les tensions g\u00e9opolitiques au Moyen-Orient"},"content":{"rendered":"<p>La riposte militaire d\u2019Isra\u00ebl contre l\u2019Iran a provoqu\u00e9 une onde de choc sur les march\u00e9s ce vendredi 13 juin. Les indices chutent, tandis que les valeurs p\u00e9troli\u00e8res britanniques r\u00e9sistent gr\u00e2ce \u00e0 une flamb\u00e9e des prix.<\/p>\n<p class=\"fig-paragraph\">Les\u00a0<a href=\"http:\/\/www.lefigaro.fr\/flash-eco\/les-bourses-europeennes-stables-a-l-ouverture-avant-les-negociations-entre-la-chine-et-les-etats-unis-20250609\" target=\"_blank\" data-fig-type=\"NewsFlash\" rel=\"noopener\" data-gtm-custom-categorie=\"navigation\" data-gtm-custom-action=\"crossclick\" data-gtm-custom-label=\"Contextuel\" data-gtm-event=\"customEventSPE\" data-fig-domain=\"LEFIGARO\">Bourses europ\u00e9ennes<\/a>\u00a0ont ouvert en forte baisse vendredi face au regain de tensions g\u00e9opolitiques au Moyen Orient apr\u00e8s qu&rsquo;Isra\u00ebl a men\u00e9 \u00abdes dizaines\u00bb de frappes a\u00e9riennes contre l&rsquo;Iran, visant son programme nucl\u00e9aire et ses installations militaires.<\/p>\n<p class=\"fig-paragraph\">Dans les premiers \u00e9changes, Paris chutait de 1,27% et Francfort de 1,47%. Londres (-0,66%) baissait moins fortement, en raison de la hausse de ses valeurs p\u00e9troli\u00e8res, port\u00e9es par l&rsquo;envol\u00e9e des prix de l&rsquo;or noir, l&rsquo;Iran figurant parmi les dix plus grands producteurs de p\u00e9trole au monde.<\/p>\n<p class=\"fig-paragraph\">Dans un contexte de tensions g\u00e9opolitiques accrues, les valeurs de la d\u00e9fense \u00e9taient recherch\u00e9es. \u00c0 Paris, Thales prenait 0,88% et Dassault Aviation de 1,25%. \u00c0 Londres, BAE Systems gagnait 2,57%. \u00c0 Francfort, Rheinmetall avan\u00e7ait de 1,29% et Hensoldt de 2,55%, Saab de 2,07% \u00e0 Stockholm et Leonardo de 1,88% \u00e0 Milan.<\/p>\n<p class=\"fig-paragraph\">\u00c0 la cote europ\u00e9enne, les valeurs p\u00e9troli\u00e8res sont port\u00e9es par la forte hausse des prix de l\u2019or noir. \u00c0 Paris, TotalEnergies s\u2019octroyait 1,90%, \u00e0 Londres, BP gagnait 1,69% et Shell 1,99% et \u00e0 Madrid, Repsol gagnait 1,18%.<\/p>\n","protected":false},"excerpt":{"rendered":"La riposte militaire d\u2019Isra\u00ebl contre l\u2019Iran a provoqu\u00e9 une onde de choc sur les march\u00e9s ce vendredi 13&hellip;\n","protected":false},"author":2,"featured_media":173120,"comment_status":"","ping_status":"","sticky":false,"template":"","format":"standard","meta":{"footnotes":""},"categories":[6],"tags":[339,340,35,343,345,350,130,344,352,349,33,34,341,313,674,1011,27,346,342,353,351,347,348,354],"class_list":{"0":"post-173119","1":"post","2":"type-post","3":"status-publish","4":"format-standard","5":"has-post-thumbnail","7":"category-economie","8":"tag-actualite-economique","9":"tag-bourse","10":"tag-business","11":"tag-cac-40","12":"tag-chef-dentreprise","13":"tag-concurrence","14":"tag-consommation","15":"tag-creation-dentreprise","16":"tag-crise","17":"tag-delocalisations","18":"tag-economie","19":"tag-economy","20":"tag-emploi","21":"tag-entreprises","22":"tag-europe","23":"tag-fr","24":"tag-france","25":"tag-grands-patrons","26":"tag-impots","27":"tag-licenciements","28":"tag-monopole","29":"tag-multinationales","30":"tag-privatisation","31":"tag-unio"},"share_on_mastodon":{"url":"https:\/\/pubeurope.com\/@fr\/114675568087804921","error":""},"_links":{"self":[{"href":"https:\/\/www.europesays.com\/fr\/wp-json\/wp\/v2\/posts\/173119","targetHints":{"allow":["GET"]}}],"collection":[{"href":"https:\/\/www.europesays.com\/fr\/wp-json\/wp\/v2\/posts"}],"about":[{"href":"https:\/\/www.europesays.com\/fr\/wp-json\/wp\/v2\/types\/post"}],"author":[{"embeddable":true,"href":"https:\/\/www.europesays.com\/fr\/wp-json\/wp\/v2\/users\/2"}],"replies":[{"embeddable":true,"href":"https:\/\/www.europesays.com\/fr\/wp-json\/wp\/v2\/comments?post=173119"}],"version-history":[{"count":0,"href":"https:\/\/www.europesays.com\/fr\/wp-json\/wp\/v2\/posts\/173119\/revisions"}],"wp:featuredmedia":[{"embeddable":true,"href":"https:\/\/www.europesays.com\/fr\/wp-json\/wp\/v2\/media\/173120"}],"wp:attachment":[{"href":"https:\/\/www.europesays.com\/fr\/wp-json\/wp\/v2\/media?parent=173119"}],"wp:term":[{"taxonomy":"category","embeddable":true,"href":"https:\/\/www.europesays.com\/fr\/wp-json\/wp\/v2\/categories?post=173119"},{"taxonomy":"post_tag","embeddable":true,"href":"https:\/\/www.europesays.com\/fr\/wp-json\/wp\/v2\/tags?post=173119"}],"curies":[{"name":"wp","href":"https:\/\/api.w.org\/{rel}","templated":true}]}}