{"id":173121,"date":"2025-06-13T10:24:09","date_gmt":"2025-06-13T10:24:09","guid":{"rendered":"https:\/\/www.europesays.com\/fr\/173121\/"},"modified":"2025-06-13T10:24:09","modified_gmt":"2025-06-13T10:24:09","slug":"trump-essuie-un-revers-judiciaire-dans-sa-reponse-aux-manifestations-de-los-angeles","status":"publish","type":"post","link":"https:\/\/www.europesays.com\/fr\/173121\/","title":{"rendered":"Trump essuie un revers judiciaire dans sa r\u00e9ponse aux manifestations de Los Angeles"},"content":{"rendered":"<p>        <img decoding=\"async\" loading=\"lazy\" src=\"https:\/\/www.europesays.com\/fr\/wp-content\/uploads\/2025\/06\/d089d5c_sirius-fs-upload-1-nw1jcq9wyzwz-1745472199581-000-43af9cu.jpg\"  width=\"728\" height=\"409\" alt=\"D\u2019apr\u00e8s une moyenne des sondages effectu\u00e9e par le New York Times la c\u00f4te de popularit\u00e9 de Trump est \u00e0 45\u00a0%.\"\/>  <\/p>\n<p>SAUL LOEB \/ AFP<\/p>\n<p>D\u2019apr\u00e8s une moyenne des sondages effectu\u00e9e par le New York Times la c\u00f4te de popularit\u00e9 de Trump est \u00e0 45\u00a0%.<\/p>\n<p class=\"asset asset-text\">INTERNATIONAL &#8211; Il l\u2019a fait, mais il n\u2019en avait pas le droit. Le d\u00e9ploiement de la Garde nationale ordonn\u00e9 par <a href=\"https:\/\/www.huffingtonpost.fr\/international\/video\/trump-se-lache-contre-les-manifestants-de-los-angeles-ou-un-couvre-feu-partiel-a-ete-declare_251182.html\" rel=\"nofollow noopener\" target=\"_blank\">Donald Trump<\/a> pour faire face aux manifestations \u00e0 <a href=\"https:\/\/www.huffingtonpost.fr\/international\/video\/los-angeles-pourquoi-le-drone-predator-repere-au-dessus-des-manifestations-est-un-symbole-inquietant_251265.html\" rel=\"nofollow noopener\" target=\"_blank\">Los Angeles<\/a> \u00e9tait ill\u00e9gal, a consid\u00e9r\u00e9 jeudi 12\u00a0juin un juge f\u00e9d\u00e9ral, dans un nouveau revers sur le front judiciaire pour le pr\u00e9sident am\u00e9ricain.<\/p>\n<p class=\"asset asset-text\">Le minist\u00e8re am\u00e9ricain de la Justice a imm\u00e9diatement interjet\u00e9 appel, arguant que cette d\u00e9cision constituait \u00ab\u00a0une ing\u00e9rence extraordinaire dans les pouvoirs constitutionnels du pr\u00e9sident en tant que commandant en chef\u00a0\u00bb.<\/p>\n<p class=\"asset asset-text\">Le juge f\u00e9d\u00e9ral Charles Breyer a affirm\u00e9 que le pr\u00e9sident n\u2019avait pas \u00ab\u00a0suivi la proc\u00e9dure requise par le Congr\u00e8s pour ses actes\u00a0\u00bb. Il a par ailleurs ordonn\u00e9 que le contr\u00f4le de ce corps de r\u00e9serve \u00e0 double tutelle soit rendu au gouverneur de Californie, <a href=\"https:\/\/www.huffingtonpost.fr\/international\/video\/gavin-newson-a-enfile-la-casquette-d-opposant-n-1-a-donald-trump-avec-cette-allocution-a-la-tele_251232.html\" rel=\"nofollow noopener\" target=\"_blank\">le d\u00e9mocrate Gavin Newsom<\/a>, qui avait attaqu\u00e9 ce d\u00e9ploiement en justice <a href=\"https:\/\/www.huffingtonpost.fr\/international\/article\/trump-promet-un-retour-a-l-ordre-a-los-angeles-le-gouverneur-newsom-denonce-un-abus-de-pouvoir_251102.html\" rel=\"nofollow noopener\" target=\"_blank\">en d\u00e9non\u00e7ant un virage autoritaire<\/a>.<\/p>\n<p class=\"asset asset-text\">\u00ab\u00a0Ce n\u2019est pas un monarque, ce n\u2019est pas un roi, et il devrait cesser d\u2019agir comme tel\u00a0\u00bb, a r\u00e9agi lors d\u2019une conf\u00e9rence de presse Gavin Newsom, \u00e0 l\u2019inimiti\u00e9 bien connue avec Donald Trump, apr\u00e8s la d\u00e9cision du magistrat.<\/p>\n<p class=\"asset asset-text\">Le juge Breyer a suspendu l\u2019application de celle-ci jusqu\u2019\u00e0 vendredi, mais la Cour supr\u00eame a ensuite report\u00e9 cette \u00e9ch\u00e9ance \u00e0 mardi, le temps qu\u2019elle puisse examiner l\u2019appel du minist\u00e8re de la Justice. Avec ce sursis, Trump aura encore le contr\u00f4le de la Garde nationale ce week-end en Californie, o\u00f9 sont attendues des manifestations.<\/p>\n<p>    Couvre-feu et retour au calme \u00e0 Los Angeles    <\/p>\n<p class=\"asset asset-text\">Le pr\u00e9sident de 78\u00a0ans avait d\u00e9cid\u00e9 le week-end dernier de prendre le contr\u00f4le f\u00e9d\u00e9ral de la Garde nationale de Californie et avait d\u00e9ploy\u00e9 4\u00a0000 de ses membres dans les rues de Los Angeles, th\u00e9\u00e2tre depuis pr\u00e8s d\u2019une semaine de manifestations contre l\u2019interpellation muscl\u00e9e d\u2019\u00e9trangers en situation irr\u00e9guli\u00e8re. Il avait \u00e9galement d\u00e9cid\u00e9 d\u2019envoyer <a href=\"https:\/\/www.huffingtonpost.fr\/international\/article\/l-administration-trump-approuve-le-deploiement-de-marines-a-los-angeles-face-aux-manifestations_251137.html\" rel=\"nofollow noopener\" target=\"_blank\">700 militaires d\u2019active du corps des Marines<\/a>, une mesure extr\u00eamement rare dans l\u2019histoire des \u00c9tats-Unis.<\/p>\n<p class=\"asset asset-text\">Les manifestations dans la deuxi\u00e8me plus grande ville des \u00c9tats-Unis ont \u00e9t\u00e9 \u00e9maill\u00e9es par moments de certaines violences et d\u00e9gradations. Mais dans sa d\u00e9cision de 36 pages, le juge Breyer a affirm\u00e9 que la violence constat\u00e9e \u00e9tait \u00ab\u00a0bien loin\u00a0\u00bb de la \u00ab\u00a0r\u00e9bellion\u00a0\u00bb d\u00e9crite par Donald Trump pour justifier le d\u00e9ploiement de militaires.<\/p>\n<p class=\"asset asset-text\">Donald Trump a attribu\u00e9 jeudi le relatif retour au calme \u00e0 Los Angeles depuis deux jours \u00e0 sa r\u00e9ponse muscl\u00e9e, mais le couvre-feu d\u00e9cr\u00e9t\u00e9 par la maire d\u00e9mocrate de la ville a aussi pu y contribuer.<\/p>\n<p class=\"asset asset-text\">Jeudi \u00e0 Los Angeles, la situation semblait revenue \u00e0 un certain calme. Les manifestations se sont \u00e9tendues ces derniers jours \u00e0 d\u2019autres villes am\u00e9ricaines, toujours dans des proportions limit\u00e9es, comme \u00e0 Las Vegas, Dallas, Austin, Chicago, Atlanta ou Boston. Au Mexique, d\u2019o\u00f9 sont originaires nombre de sans-papiers pr\u00e9sents aux \u00c9tats-Unis, la pr\u00e9sidente Claudia Sheinbaum a expliqu\u00e9 avoir dit \u00e0 un haut responsable am\u00e9ricain qu\u2019elle n\u2019\u00e9tait \u00ab\u00a0pas d\u2019accord sur le fait de recourir \u00e0 des descentes de police pour arr\u00eater des personnes qui travaillent honn\u00eatement\u00a0\u00bb.<\/p>\n<p class=\"asset asset-text\">Donald Trump avait promis pendant sa campagne de s\u2019en prendre aux \u00ab\u00a0criminels venus de l\u2019\u00e9tranger\u00a0\u00bb. Mais ses efforts pour lutter contre l\u2019immigration clandestine ont largement d\u00e9pass\u00e9 ce cadre et vis\u00e9 en particulier les immigr\u00e9s latino-am\u00e9ricains, indispensables \u00e0 certains secteurs d\u2019activit\u00e9. Sur le plan \u00e9conomique, il a admis devoir \u00ab\u00a0faire quelque chose\u00a0\u00bb rapidement pour pr\u00e9server les nombreux travailleurs immigr\u00e9s de l\u2019agriculture et de l\u2019h\u00f4tellerie.<\/p>\n","protected":false},"excerpt":{"rendered":"SAUL LOEB \/ AFP D\u2019apr\u00e8s une moyenne des sondages effectu\u00e9e par le New York Times la c\u00f4te de&hellip;\n","protected":false},"author":2,"featured_media":173122,"comment_status":"","ping_status":"","sticky":false,"template":"","format":"standard","meta":{"footnotes":""},"categories":[5],"tags":[11,75,73,1011,27,1061,14,12,28],"class_list":{"0":"post-173121","1":"post","2":"type-post","3":"status-publish","4":"format-standard","5":"has-post-thumbnail","7":"category-international","8":"tag-actualites","9":"tag-donald-trump","10":"tag-etats-unis","11":"tag-fr","12":"tag-france","13":"tag-immigration","14":"tag-international","15":"tag-news","16":"tag-world"},"share_on_mastodon":{"url":"https:\/\/pubeurope.com\/@fr\/114675571985083680","error":""},"_links":{"self":[{"href":"https:\/\/www.europesays.com\/fr\/wp-json\/wp\/v2\/posts\/173121","targetHints":{"allow":["GET"]}}],"collection":[{"href":"https:\/\/www.europesays.com\/fr\/wp-json\/wp\/v2\/posts"}],"about":[{"href":"https:\/\/www.europesays.com\/fr\/wp-json\/wp\/v2\/types\/post"}],"author":[{"embeddable":true,"href":"https:\/\/www.europesays.com\/fr\/wp-json\/wp\/v2\/users\/2"}],"replies":[{"embeddable":true,"href":"https:\/\/www.europesays.com\/fr\/wp-json\/wp\/v2\/comments?post=173121"}],"version-history":[{"count":0,"href":"https:\/\/www.europesays.com\/fr\/wp-json\/wp\/v2\/posts\/173121\/revisions"}],"wp:featuredmedia":[{"embeddable":true,"href":"https:\/\/www.europesays.com\/fr\/wp-json\/wp\/v2\/media\/173122"}],"wp:attachment":[{"href":"https:\/\/www.europesays.com\/fr\/wp-json\/wp\/v2\/media?parent=173121"}],"wp:term":[{"taxonomy":"category","embeddable":true,"href":"https:\/\/www.europesays.com\/fr\/wp-json\/wp\/v2\/categories?post=173121"},{"taxonomy":"post_tag","embeddable":true,"href":"https:\/\/www.europesays.com\/fr\/wp-json\/wp\/v2\/tags?post=173121"}],"curies":[{"name":"wp","href":"https:\/\/api.w.org\/{rel}","templated":true}]}}