{"id":173123,"date":"2025-06-13T10:25:08","date_gmt":"2025-06-13T10:25:08","guid":{"rendered":"https:\/\/www.europesays.com\/fr\/173123\/"},"modified":"2025-06-13T10:25:08","modified_gmt":"2025-06-13T10:25:08","slug":"la-victime-est-un-villeurbannais-de-21-ans","status":"publish","type":"post","link":"https:\/\/www.europesays.com\/fr\/173123\/","title":{"rendered":"la victime est un Villeurbannais de 21 ans"},"content":{"rendered":"<p itemprop=\"description\"><strong>Le jeune abattu \u00e0 Neyron \u00e9tait signal\u00e9 disparu quelques heures avant la d\u00e9couverte de son corps.<\/strong><\/p>\n<p>L\u2019enqu\u00eate s\u2019oriente vers un r\u00e8glement de comptes sur fond de trafic de stup\u00e9fiants.\u00a0Cinq jours apr\u00e8s la macabre d\u00e9couverte, l\u2019identit\u00e9 de la victime retrouv\u00e9e morte \u00e0 Neyron, dans l\u2019Ain, est d\u00e9sormais connue.\u00a0<\/p>\n<p>Il s\u2019agit d\u2019un jeune homme de 21 ans, originaire du quartier du Tonkin \u00e0 Villeurbanne, selon les informations du <a href=\"https:\/\/c.leprogres.fr\/faits-divers-justice\/2025\/06\/13\/le-mort-de-miribel-jonage-est-un-jeune-villeurbannais\" target=\"_blank\" rel=\"noopener\">Progr\u00e8s<\/a>. Connu des services de police, il appartenait \u00e0 une fratrie impliqu\u00e9e dans le trafic de stup\u00e9fiants. Un de ses fr\u00e8res serait actuellement incarc\u00e9r\u00e9.<\/p>\n<p>Le corps \u2014 touch\u00e9 par balles \u2014 avait \u00e9t\u00e9 d\u00e9couvert \u00e0 proximit\u00e9 d\u2019un parking, entre le canal de Miribel et le lac des Eaux bleues. Les premi\u00e8res constatations observ\u00e9e sur les lieux de la d\u00e9couverte laissait penser que le d\u00e9c\u00e8s remontait \u00e0 plusieurs heures. Reste \u00e0 d\u00e9terminer si le jeune homme a \u00e9t\u00e9 abattu sur place ou si son corps a \u00e9t\u00e9 d\u00e9plac\u00e9.<\/p>\n<p>Inquiets de son absence, ses proches s\u2019\u00e9taient rendus au commissariat de Villeurbanne pour signaler sa disparition. Mais le signalement est intervenu trop tard : le corps avait d\u00e9j\u00e0 \u00e9t\u00e9 retrouv\u00e9 par les gendarmes.<\/p>\n<p>D\u2019abord ouverte pour \u00ab\u00a0meurtre en bande organis\u00e9e\u00a0\u00bb par le parquet de Bourg-en-Bresse, l\u2019enqu\u00eate a \u00e9t\u00e9 reprise par le parquet de Lyon. C\u2019est d\u00e9sormais la brigade criminelle de la DCOS (Division de la criminalit\u00e9 organis\u00e9e et sp\u00e9cialis\u00e9e) qui est charg\u00e9e des investigations.<\/p>\n","protected":false},"excerpt":{"rendered":"Le jeune abattu \u00e0 Neyron \u00e9tait signal\u00e9 disparu quelques heures avant la d\u00e9couverte de son corps. L\u2019enqu\u00eate s\u2019oriente&hellip;\n","protected":false},"author":2,"featured_media":173124,"comment_status":"","ping_status":"","sticky":false,"template":"","format":"standard","meta":{"footnotes":""},"categories":[4],"tags":[1111,11,2813,2190,1109,251,1112,2811,118,1011,27,1922,1110,1114,2428,2810,12,241,316,25,2812,517,800],"class_list":{"0":"post-173123","1":"post","2":"type-post","3":"status-publish","4":"format-standard","5":"has-post-thumbnail","7":"category-france","8":"tag-actu","9":"tag-actualites","10":"tag-article","11":"tag-asvel","12":"tag-breves","13":"tag-culture","14":"tag-depeches","15":"tag-economique","16":"tag-faits-divers","17":"tag-fr","18":"tag-france","19":"tag-info","20":"tag-informations","21":"tag-infos","22":"tag-lyon","23":"tag-lyonmag","24":"tag-news","25":"tag-ol","26":"tag-politique","27":"tag-republique-francaise","28":"tag-sociale","29":"tag-sport","30":"tag-transports"},"share_on_mastodon":{"url":"https:\/\/pubeurope.com\/@fr\/114675575916664802","error":""},"_links":{"self":[{"href":"https:\/\/www.europesays.com\/fr\/wp-json\/wp\/v2\/posts\/173123","targetHints":{"allow":["GET"]}}],"collection":[{"href":"https:\/\/www.europesays.com\/fr\/wp-json\/wp\/v2\/posts"}],"about":[{"href":"https:\/\/www.europesays.com\/fr\/wp-json\/wp\/v2\/types\/post"}],"author":[{"embeddable":true,"href":"https:\/\/www.europesays.com\/fr\/wp-json\/wp\/v2\/users\/2"}],"replies":[{"embeddable":true,"href":"https:\/\/www.europesays.com\/fr\/wp-json\/wp\/v2\/comments?post=173123"}],"version-history":[{"count":0,"href":"https:\/\/www.europesays.com\/fr\/wp-json\/wp\/v2\/posts\/173123\/revisions"}],"wp:featuredmedia":[{"embeddable":true,"href":"https:\/\/www.europesays.com\/fr\/wp-json\/wp\/v2\/media\/173124"}],"wp:attachment":[{"href":"https:\/\/www.europesays.com\/fr\/wp-json\/wp\/v2\/media?parent=173123"}],"wp:term":[{"taxonomy":"category","embeddable":true,"href":"https:\/\/www.europesays.com\/fr\/wp-json\/wp\/v2\/categories?post=173123"},{"taxonomy":"post_tag","embeddable":true,"href":"https:\/\/www.europesays.com\/fr\/wp-json\/wp\/v2\/tags?post=173123"}],"curies":[{"name":"wp","href":"https:\/\/api.w.org\/{rel}","templated":true}]}}