{"id":173127,"date":"2025-06-13T10:27:14","date_gmt":"2025-06-13T10:27:14","guid":{"rendered":"https:\/\/www.europesays.com\/fr\/173127\/"},"modified":"2025-06-13T10:27:14","modified_gmt":"2025-06-13T10:27:14","slug":"saint-etienne-le-bar-a-bieres-les-berthom-aux-ursules-a-deja-ferme","status":"publish","type":"post","link":"https:\/\/www.europesays.com\/fr\/173127\/","title":{"rendered":"Saint-\u00c9tienne. Le bar \u00e0 bi\u00e8res Les Berthom, aux Ursules, a d\u00e9j\u00e0 ferm\u00e9"},"content":{"rendered":"<p>Voici un commerce qui aura dur\u00e9 beaucoup moins longtemps que celui \u00e0 qui il avait succ\u00e9d\u00e9\u2026<\/p>\n<p>La franchise Les Berthom avait choisi Saint-\u00c9tienne pour implanter son dix-huiti\u00e8me \u00e9tablissement en France apr\u00e8s Paris, Lille, Lyon, Nantes ou Marseille.<\/p>\n<p>Le bar \u00e0 bi\u00e8res avait ouvert le 6\u00a0d\u00e9cembre 2023, au 17 place des Ursules, \u00e0 l\u2019angle avec la place Waldeck-Rousseau, en lieu et place de <a href=\"https:\/\/www.leprogres.fr\/economie\/2023\/02\/17\/la-boutique-historique-de-cuirs-helm-s-va-laisser-place-a-un-bar-a-bieres\" target=\"_blank\" rel=\"nofollow noopener\">la boutique de v\u00eatements en cuir Helm\u2019s. Une boutique historique du centre-ville<\/a>, o\u00f9 elle \u00e9tait pr\u00e9sente depuis quarante ans.<\/p>\n<p>Le bar Les Berthom, lui, aura donc tenu seulement un an et demi\u00a0: l\u2019\u00e9tablissement a ferm\u00e9 ses portes en ce d\u00e9but de semaine, avec m\u00eame quelques jours d\u2019avance sur la date initialement annonc\u00e9e. Pour rappel, Les Berthom avait un temps partag\u00e9 les lieux, en journ\u00e9e, avec un bar-caf\u00e9 sous l\u2019enseigne Loutsa, mais celui-ci avait tr\u00e8s rapidement baiss\u00e9 le rideau.<\/p>\n<p>  200 m2 laiss\u00e9s vides<\/p>\n<p>Malgr\u00e9 nos multiples tentatives, nous n\u2019avons pas r\u00e9ussi \u00e0 joindre l\u2019enseigne pour obtenir une explication \u00e0 cette fermeture des Berthom, qui est aussi soudaine que surprenante, quand on sait que l\u2019\u00e9tablissement faisait souvent le plein d\u2019amateurs de bi\u00e8re, notamment les soirs de week-end.<\/p>\n<p>Alors que l\u2019ancien Pop (ex-Globe City), un peu plus bas, vient de reprendre vie avec l\u2019ouverture du restaurant asiatique Tsuki, voici donc \u00e0 nouveau un local vide suppl\u00e9mentaire (200 m\u00b2) du c\u00f4t\u00e9 des Halles Mazerat, dont on attend toujours de savoir ce qu\u2019elles vont devenir apr\u00e8s le d\u00e9part de Biltoki en mars dernier.<\/p>\n","protected":false},"excerpt":{"rendered":"Voici un commerce qui aura dur\u00e9 beaucoup moins longtemps que celui \u00e0 qui il avait succ\u00e9d\u00e9\u2026 La franchise&hellip;\n","protected":false},"author":2,"featured_media":173128,"comment_status":"","ping_status":"","sticky":false,"template":"","format":"standard","meta":{"footnotes":""},"categories":[9653],"tags":[1111,11,2430,4406,33,7539,1777,674,1011,27,12,25,4001,7538],"class_list":{"0":"post-173127","1":"post","2":"type-post","3":"status-publish","4":"format-standard","5":"has-post-thumbnail","7":"category-saint-etienne","8":"tag-actu","9":"tag-actualites","10":"tag-auvergne-rhone-alpes","11":"tag-commerce-et-services","12":"tag-economie","13":"tag-edition-loire-sud","14":"tag-eu","15":"tag-europe","16":"tag-fr","17":"tag-france","18":"tag-news","19":"tag-republique-francaise","20":"tag-saint-etienne","21":"tag-saint-etienne-ville"},"share_on_mastodon":{"url":"https:\/\/pubeurope.com\/@fr\/114675583752390507","error":""},"_links":{"self":[{"href":"https:\/\/www.europesays.com\/fr\/wp-json\/wp\/v2\/posts\/173127","targetHints":{"allow":["GET"]}}],"collection":[{"href":"https:\/\/www.europesays.com\/fr\/wp-json\/wp\/v2\/posts"}],"about":[{"href":"https:\/\/www.europesays.com\/fr\/wp-json\/wp\/v2\/types\/post"}],"author":[{"embeddable":true,"href":"https:\/\/www.europesays.com\/fr\/wp-json\/wp\/v2\/users\/2"}],"replies":[{"embeddable":true,"href":"https:\/\/www.europesays.com\/fr\/wp-json\/wp\/v2\/comments?post=173127"}],"version-history":[{"count":0,"href":"https:\/\/www.europesays.com\/fr\/wp-json\/wp\/v2\/posts\/173127\/revisions"}],"wp:featuredmedia":[{"embeddable":true,"href":"https:\/\/www.europesays.com\/fr\/wp-json\/wp\/v2\/media\/173128"}],"wp:attachment":[{"href":"https:\/\/www.europesays.com\/fr\/wp-json\/wp\/v2\/media?parent=173127"}],"wp:term":[{"taxonomy":"category","embeddable":true,"href":"https:\/\/www.europesays.com\/fr\/wp-json\/wp\/v2\/categories?post=173127"},{"taxonomy":"post_tag","embeddable":true,"href":"https:\/\/www.europesays.com\/fr\/wp-json\/wp\/v2\/tags?post=173127"}],"curies":[{"name":"wp","href":"https:\/\/api.w.org\/{rel}","templated":true}]}}