{"id":173139,"date":"2025-06-13T10:33:10","date_gmt":"2025-06-13T10:33:10","guid":{"rendered":"https:\/\/www.europesays.com\/fr\/173139\/"},"modified":"2025-06-13T10:33:10","modified_gmt":"2025-06-13T10:33:10","slug":"immersion-dans-lunivers-engage-de-banksy-a-la-parcelle-473","status":"publish","type":"post","link":"https:\/\/www.europesays.com\/fr\/173139\/","title":{"rendered":"immersion dans l\u2019univers engag\u00e9 de Banksy \u00e0 la Parcelle 473"},"content":{"rendered":"<p>            Par<br \/>\n        <strong><br \/>\n            <a href=\"https:\/\/actu.fr\/auteur\/lea-pippinato\" title=\"Consulter tous les articles de L\u00e9a Pippinato\" rel=\"nofollow noopener\" target=\"_blank\">L\u00e9a Pippinato<\/a><br \/>\n        <\/strong><\/p>\n<p>        Publi\u00e9 le<\/p>\n<p>            13 juin 2025 \u00e0 11h33        <\/p>\n<p><strong>Depuis juillet 2021<\/strong>, la Banksy Modeste Collection circule de ville en ville. Quinze \u00e9tapes ont d\u00e9j\u00e0 eu lieu. \u00c0 chaque halte, le m\u00eame objectif : montrer l\u2019\u0153uvre de Banksy sans la marchandiser, en respectant l\u2019esprit de l\u2019artiste. L\u2019exposition s\u2019est install\u00e9e \u00e0 Montpellier <strong>jusqu\u2019au 15 juin<\/strong>, dans un lieu atypique : la Parcelle 473, un ancien domaine viticole transform\u00e9 en espace d\u00e9di\u00e9 au street art dans le quartier Malbosc.<\/p>\n<p>    <a href=\"https:\/\/www.google.com\/maps\/embed?pb=!1m18!1m12!1m3!1d2887.8726205910857!2d3.831617876460922!3d43.63001007110323!2m3!1f0!2f0!3f0!3m2!1i1024!2i768!4f13.1!3m3!1m2!1s0x12b6af9199a9bcab%3A0xb3b89d30bda46fc3!2sMus%C3%A9e%20street%20art%20Parcelle473!5e0!3m2!1sen!2sfr!4v1749402484084!5m2!1sen!2sfr\" title=\"Ouvrie le lien\" rel=\"nofollow noopener\" target=\"_blank\">Cliquez ici pour visualiser le contenu<\/a><\/p>\n<p class=\" wall-content\">Ce sont pr\u00e8s de <strong>289 pi\u00e8ces<\/strong> qui sont pr\u00e9sent\u00e9es. La collection appartient \u00e0 B\u00e9ru, un com\u00e9dien fran\u00e7ais qui a crois\u00e9 Banksy par hasard en 2007, lors d\u2019un festival \u00e0 Londres. Sans comprendre imm\u00e9diatement \u00e0 qui il avait affaire, il commence alors \u00e0 r\u00e9unir billets, pochoirs, affiches, t-shirts, vinyles, \u00e9ditions limit\u00e9es, magazines et autres objets li\u00e9s \u00e0 l\u2019artiste. Dix-sept ans plus tard, cette accumulation constitue la plus importante collection priv\u00e9e ouverte au public consacr\u00e9e \u00e0 Banksy. Elle est aussi l\u2019une des rares que l\u2019artiste n\u2019ait pas publiquement critiqu\u00e9es. Voici<strong> trois bonnes raisons<\/strong> d\u2019aller la d\u00e9couvrir.<\/p>\n<p class=\" wall-content\"><strong> D\u00e9couvrez en images un aper\u00e7u de l\u2019exposition Banksy Modeste Collection \u00e0 la Parcelle 473 <a href=\"https:\/\/www.instagram.com\/metropolitainfr\" rel=\"nofollow noopener\" target=\"_blank\">sur notre compte Instagram<\/a><\/strong><\/p>\n<p class=\" wall-content\"><a href=\"https:\/\/www.instagram.com\/reel\/DKzo5jLsKD7\/embed\" title=\"Ouvrir le lien sur Instagram\" rel=\"nofollow noopener\" target=\"_blank\">Visualiser le contenu sur Instagram<\/a><\/p>\n<p>Une collection dense, document\u00e9e et rarement montr\u00e9e<\/p>\n<p class=\" wall-content\">La Banksy Modeste Collection rassemble des \u0153uvres et objets cr\u00e9\u00e9s, imprim\u00e9s, ou publi\u00e9s autour de l\u2019artiste <strong>depuis le d\u00e9but des ann\u00e9es 2000<\/strong>. Plusieurs formats sont repr\u00e9sent\u00e9s : s\u00e9rigraphies, t-shirts, vinyles, pochoirs, photographies, extraits de presse ou affiches. L\u2019ensemble permet d\u2019appr\u00e9hender les diff\u00e9rents axes du travail de Banksy, au-del\u00e0 des \u0153uvres murales. Parmi les pi\u00e8ces notables figurent la s\u00e9rigraphie de La petite fille au ballon, le t-shirt Turf War li\u00e9 \u00e0 sa premi\u00e8re grande exposition londonienne en 2003, ainsi que Border Farce, un visuel d\u00e9tournant le logo de la police britannique, imprim\u00e9 sur textile en 2023 pour soutenir le navire humanitaire Louise Michel.<\/p>\n<p>    <img   decoding=\"async\" loading=\"lazy\" src=\"https:\/\/www.europesays.com\/fr\/wp-content\/uploads\/2025\/06\/tempimagexk0bw6-960x640.jpg\" alt=\"L\u2019exposition attire chaque jour entre 1 000 et 3 000 visiteurs selon les p\u00e9riodes.\" width=\"960\" height=\"640\"\/><br \/>\n    L\u2019exposition attire chaque jour entre 1 000 et 3 000 visiteurs selon les p\u00e9riodes. (\u00a9M\u00e9tropolitain \/ LP)<\/p>\n<p class=\" wall-content\">D\u2019autres objets pr\u00e9sent\u00e9s concernent ses projets alternatifs : des photographies issues du parc \u00e9ph\u00e9m\u00e8re Dismaland (2015), des cartes postales et savons provenant du Walled Off Hotel \u00e0 Bethl\u00e9em (2017), ou encore une photo de l\u2019installation Cinderella Crash. L\u2019exposition comprend aussi des \u00e9ditions musicales visuelles, comme des vinyles et CD de Blur (Think Tank, Out of Time), ou l\u2019album Liberation de Talib Kweli et Madlib, dont la pochette reprend une \u0153uvre de Banksy. <strong>Des publications plus rares<\/strong> sont expos\u00e9es : le magazine Swindle (2006), Bizarre (2002), des ouvrages documentaires comme Seven Years with Banksy ou Banksy in New York, ainsi que des impressions de grande taille comme le Turbo Zone Truck. Les visiteurs peuvent \u00e9galement voir le pochoir Toxic Rat, la s\u00e9rigraphie NOLA \u2013 West Country Prince r\u00e9alis\u00e9e apr\u00e8s l\u2019ouragan Katrina, ou l\u2019affiche Minnie Hiroshima de Jeff Gillette, un des artistes ayant collabor\u00e9 avec Banksy pour Dismaland.<\/p>\n<p>Vid\u00e9os : en ce moment sur Actu<br \/>\n    <img   decoding=\"async\" loading=\"lazy\" src=\"https:\/\/www.europesays.com\/fr\/wp-content\/uploads\/2025\/06\/tempimagedvigpz-960x640.jpg\" alt=\"S\u00e9rigraphies, vinyles et CD rappellent les collaborations de Banksy avec le monde de la musique.\" width=\"960\" height=\"640\"\/><br \/>\n    S\u00e9rigraphies, vinyles et CD rappellent les collaborations de Banksy avec le monde de la musique. (\u00a9M\u00e9tropolitain \/ LP)Un mod\u00e8le solidaire fond\u00e9 sur les dons et l\u2019action locale<\/p>\n<p class=\" wall-content\">L\u2019exposition ne fonctionne pas sur un mod\u00e8le commercial. L\u2019entr\u00e9e est gratuite et les frais sont couverts en partie par la vente de s\u00e9rigraphies et visuels en contrepartie de dons. Depuis 2021, plus de<strong> 230 000 euros<\/strong> ont \u00e9t\u00e9 redistribu\u00e9s \u00e0 des associations locales dans les villes o\u00f9 la collection a \u00e9t\u00e9 accueillie. \u00c0 Montpellier, les dons collect\u00e9s seront attribu\u00e9s sur pr\u00e9sentation de projets pr\u00e9cis, sans financement de fonctionnement. Parmi les associations partenaires r\u00e9currentes figure SOS M\u00e9diterran\u00e9e. Les organisateurs collaborent aussi avec des structures locales comme la Carmagnole. Les b\u00e9n\u00e9voles montpelli\u00e9rains assurent une partie de l\u2019accueil et de la logistique sur place.<\/p>\n<p class=\" wall-content\">Le projet, non institutionnel, privil\u00e9gie des lieux ind\u00e9pendants. Les organisateurs refusent les lieux culturels traditionnels, en partie pour garantir la gratuit\u00e9 et conserver une autonomie sur les horaires, la sc\u00e9nographie et le format de l\u2019exposition. La Parcelle 473 a \u00e9t\u00e9 choisie pour sa surface disponible (plus de 300 m\u00b2) et son orientation street art.<\/p>\n<p>Une exposition con\u00e7ue pour tous les publics<\/p>\n<p class=\" wall-content\">L\u2019exposition accueille des publics tr\u00e8s vari\u00e9s. Chaque matin, des cr\u00e9neaux sont r\u00e9serv\u00e9s aux \u00e9tablissements scolaires, de la classe de sixi\u00e8me \u00e0 la terminale. Les enfants de maternelle ne sont pas re\u00e7us en raison de la complexit\u00e9 des th\u00e9matiques abord\u00e9es. Des m\u00e9diations sp\u00e9cifiques ont \u00e9t\u00e9 mises en place, avec des supports con\u00e7us par l\u2019\u00e9quipe de l\u2019exposition et les encadrants p\u00e9dagogiques. Le grand public peut visiter librement toute la journ\u00e9e. Les visiteurs sont \u00e0 la fois des connaisseurs du street art, des curieux ou des familles. Certains suivent l\u2019exposition de ville en ville. D\u2019autres d\u00e9couvrent Banksy sur place, parfois avec surprise en d\u00e9couvrant l\u2019\u00e9tendue de sa production.<\/p>\n<p class=\" wall-content\">Selon l\u2019\u00e9quipe sur site, beaucoup pensent conna\u00eetre l\u2019artiste mais d\u00e9couvrent qu\u2019il a \u00e9galement sign\u00e9 des pochettes de disques, \u00e9dit\u00e9 des objets, ou produit des installations complexes. Le lieu lui-m\u00eame, en dehors des circuits mus\u00e9aux classiques, permet d\u2019attirer des publics qui ne fr\u00e9quentent pas habituellement les galeries ou les mus\u00e9es du centre-ville.<\/p>\n<p class=\" wall-content\">Suivez toute l\u2019actualit\u00e9 de vos villes et m\u00e9dias favoris en vous inscrivant \u00e0 <a href=\"https:\/\/moncompte.actu.fr\" title=\"D\u00e9couvez Mon Actu\" rel=\"nofollow noopener\" data-trk=\"{&quot;cta&quot;:{&quot;action&quot;:&quot;https:\\\/\\\/moncompte.actu.fr&quot;,&quot;category&quot;:&quot;mon compte&quot;,&quot;from&quot;:&quot;article footer&quot;,&quot;name&quot;:&quot;Mon actu&quot;,&quot;type&quot;:&quot;cta&quot;}}\" target=\"_blank\">Mon Actu<\/a>.<\/p>\n<p>                    <script async src=\"\/\/www.instagram.com\/embed.js\"><\/script><\/p>\n","protected":false},"excerpt":{"rendered":"Par L\u00e9a Pippinato Publi\u00e9 le 13 juin 2025 \u00e0 11h33 Depuis juillet 2021, la Banksy Modeste Collection circule&hellip;\n","protected":false},"author":2,"featured_media":173140,"comment_status":"","ping_status":"","sticky":false,"template":"","format":"standard","meta":{"footnotes":""},"categories":[9599],"tags":[1111,11,1777,674,1349,1011,27,1652,2208,12,2680,25,7189],"class_list":{"0":"post-173139","1":"post","2":"type-post","3":"status-publish","4":"format-standard","5":"has-post-thumbnail","7":"category-montpellier","8":"tag-actu","9":"tag-actualites","10":"tag-eu","11":"tag-europe","12":"tag-expositions","13":"tag-fr","14":"tag-france","15":"tag-loisirs-culture","16":"tag-montpellier","17":"tag-news","18":"tag-occitanie","19":"tag-republique-francaise","20":"tag-street-art"},"share_on_mastodon":{"url":"https:\/\/pubeurope.com\/@fr\/114675607565026238","error":""},"_links":{"self":[{"href":"https:\/\/www.europesays.com\/fr\/wp-json\/wp\/v2\/posts\/173139","targetHints":{"allow":["GET"]}}],"collection":[{"href":"https:\/\/www.europesays.com\/fr\/wp-json\/wp\/v2\/posts"}],"about":[{"href":"https:\/\/www.europesays.com\/fr\/wp-json\/wp\/v2\/types\/post"}],"author":[{"embeddable":true,"href":"https:\/\/www.europesays.com\/fr\/wp-json\/wp\/v2\/users\/2"}],"replies":[{"embeddable":true,"href":"https:\/\/www.europesays.com\/fr\/wp-json\/wp\/v2\/comments?post=173139"}],"version-history":[{"count":0,"href":"https:\/\/www.europesays.com\/fr\/wp-json\/wp\/v2\/posts\/173139\/revisions"}],"wp:featuredmedia":[{"embeddable":true,"href":"https:\/\/www.europesays.com\/fr\/wp-json\/wp\/v2\/media\/173140"}],"wp:attachment":[{"href":"https:\/\/www.europesays.com\/fr\/wp-json\/wp\/v2\/media?parent=173139"}],"wp:term":[{"taxonomy":"category","embeddable":true,"href":"https:\/\/www.europesays.com\/fr\/wp-json\/wp\/v2\/categories?post=173139"},{"taxonomy":"post_tag","embeddable":true,"href":"https:\/\/www.europesays.com\/fr\/wp-json\/wp\/v2\/tags?post=173139"}],"curies":[{"name":"wp","href":"https:\/\/api.w.org\/{rel}","templated":true}]}}