{"id":173141,"date":"2025-06-13T10:34:19","date_gmt":"2025-06-13T10:34:19","guid":{"rendered":"https:\/\/www.europesays.com\/fr\/173141\/"},"modified":"2025-06-13T10:34:19","modified_gmt":"2025-06-13T10:34:19","slug":"accrochez-vous-sans-vous-preoccuper-des-autres-des-collegiennes-invitees-a-oser-les-maths-par-des-etudiantes-inspirantes-a-montpellier","status":"publish","type":"post","link":"https:\/\/www.europesays.com\/fr\/173141\/","title":{"rendered":"\u00ab\u00a0Accrochez-vous sans vous pr\u00e9occuper des autres\u00a0\u00bb\u00a0: des coll\u00e9giennes invit\u00e9es \u00e0 oser les maths par des \u00e9tudiantes inspirantes \u00e0 Montpellier"},"content":{"rendered":"<p>\n                                                                Quelque 70 coll\u00e9giennes ont particip\u00e9 \u00e0 la journ\u00e9e \u00ab\u00a0F\u00e9miniMath\u00a0\u00bb au lyc\u00e9e Joffre, une initiative visant \u00e0 encourager les filles \u00e0 s\u2019engager dans les fili\u00e8res scientifiques. Encadr\u00e9es par des \u00e9tudiantes en classe pr\u00e9pa, elles ont d\u00e9couvert le quotidien exigeant mais accessible de ces cursus, pour lutter contre l\u2019autocensure et les st\u00e9r\u00e9otypes de genre.\n                            <\/p>\n<p>De jeunes femmes scientifiques pour inspirer des coll\u00e9giennes. L\u2019initiative \u00ab\u00a0F\u00e9miniMath\u00a0\u00bb lanc\u00e9e cette semaine au lyc\u00e9e Joffre\u00a0a permis de semer une petite graine qui d\u00e9sormais ne demande plus qu\u2019\u00e0 pousser et \u00e0 se propager.<\/p>\n<p>Car promouvoir l\u2019\u00e9galit\u00e9 fille-gar\u00e7on dans les\u00a0fili\u00e8res scientifiques n\u2019est pas chose ais\u00e9e, mais avec cette journ\u00e9e, les jeunes filles auront davantage les cartes en main.<\/p>\n<p>\u00ab\u00a0Accrochez-vous sans vous pr\u00e9occuper des autres\u00a0\u00bb<\/p>\n<p>Quelque 70 coll\u00e9giennes issues de six \u00e9tablissements ont ainsi \u00e9t\u00e9 invit\u00e9es \u00e0 rencontrer des \u00e9tudiantes de pr\u00e9pa PSI (classes r\u00e9put\u00e9es comme l\u2019une des fili\u00e8res les plus exigeantes) et \u00e0 \u00ab\u00a0tester\u00a0\u00bb leur vie pendant quelques heures. Avec l\u2019objectif d\u2019inciter les jeunes filles \u00e0 suivre \u2013 si elles le souhaitent \u2013 des \u00e9tudes scientifiques et surtout de ne pas se l\u2019interdire.<\/p>\n<p>R\u00e9parties en petits groupes, les adolescentes\u00a0ont ainsi \u00e9t\u00e9\u00a0chapeaut\u00e9es par une \u00ab\u00a0marraine\u00a0\u00bb de circonstance.\u00a0Carys, Jeanne, Zo\u00e9lie, Romane, Lucie et quelques autres ont accept\u00e9 de les guider et de les accompagner pour leur faire d\u00e9couvrir leur quotidien, leur exp\u00e9rience de vie et m\u00eame leurs doutes. D\u2019autant plus quand les r\u00e9sultats des concours aux \u00e9coles d\u2019ing\u00e9nieurs tombent dans la journ\u00e9e\u2026<\/p>\n<p>Car \u00eatre une \u00ab\u00a0cador\u00a0\u00bb en maths, physique, chimie ce n\u2019est pas si facile. \u00ab\u00a0Il ne faut pas se leurrer il faut quand m\u00eame beaucoup travailler, mais \u00eatre une fille ou un gar\u00e7on ne doit en rien changer la donne.\u00a0\u00bb<\/p>\n<p>\u00ab\u00a0Notre objectif est de d\u00e9monter tous les a priori et pr\u00e9jug\u00e9s li\u00e9s \u00e0 notre formation.\u00a0Les sciences, les maths ce n\u2019est pas un sujet tabou pour les filles. Nous, nous\u00a0sommes des filles normales, nous ne sommes pas plus intelligentes que les autres\u00a0\u00bb, annonce l\u2019une des \u00e9tudiantes.<\/p>\n<p>Et une autre de reprendre\u00a0: \u00ab\u00a0Si vous avez une envie, un domaine de pr\u00e9dilection, accrochez-vous\u00a0sans vous pr\u00e9occuper des autres.\u00a0\u00bb<\/p>\n<p>Et au d\u00e9part un peu intimid\u00e9es, les coll\u00e9giennes ont donn\u00e9 leur point de vue. Miangola en 3e au coll\u00e8ge Croix-d\u2019Argent est plut\u00f4t s\u00fbre d\u2019elle\u00a0: \u00ab\u00a0Moi, je veux faire des math\u00e9matiques et je ne me suis jamais pos\u00e9 la question du genre. Il faut dire que dans ma famille, on est que des filles et on est plut\u00f4t scientifiques\u2026\u00a0\u00bb<\/p>\n<p>Pour sa camarade Alexandra, \u00ab\u00a0c\u2019est un peu plus flou. Mais je dois me d\u00e9cider rapidement entre les langues et les sciences de l\u2019ing\u00e9nieur\u00a0\u00bb. Un choix qui va conditionner son affectation dans tel ou tel\u00a0lyc\u00e9e d\u00e8s la rentr\u00e9e prochaine.<\/p>\n<p>Une autre \u00e9l\u00e8ve avoue qu\u2019elle aime bien les sciences, mais que ses r\u00e9sultats\u00a0ne sont pas toujours excellents. Un doute rapidement balay\u00e9 par la rectrice de l\u2019Acad\u00e9mie en personne\u00a0: \u00ab\u00a0Je crois\u00a0que certains gar\u00e7ons ne se posent pas du tout\u00a0la question des r\u00e9sultats pour choisir la fili\u00e8re qu\u2019ils aimeraient int\u00e9grer\u2026\u00a0\u00bb<\/p>\n<p>Car Carole Drucker-Godard avait tenu \u00e0 faire le d\u00e9placement expr\u00e8s pour soutenir cette initiative qu\u2019elle juge\u00a0\u00ab\u00a0particuli\u00e8rement int\u00e9ressante.\u00a0\u00bb Et qui n\u2019a cess\u00e9 de r\u00e9p\u00e9ter \u00e0 ces jeunes filles pr\u00e9sentes qu\u2019elles avaient toute la l\u00e9gitimit\u00e9 \u00e0 choisir leur voie.<\/p>\n<p>        <img decoding=\"async\" class=\"std-img__img responsive-img\" src=\"https:\/\/www.europesays.com\/fr\/wp-content\/uploads\/2025\/06\/1749810857_401_image.jpg\" alt=\"Une table ronde avec la rectrice.\"\/><\/p>\n<p>                Une table ronde avec la rectrice.<br \/>\n                                    Midi Libre<\/p>\n<p>Un manque de confiance plus av\u00e9r\u00e9 chez les filles<\/p>\n<p>Le message du projet \u00ab\u00a0F\u00e9miniMath\u00a0\u00bb est clair\u00a0: peu importe le projet d\u2019\u00e9tudes, il ne faut pas s\u2019autocensurer. Un constat pr\u00e9gnant pourtant chez les jeunes filles qui manquent apparemment de confiance par rapport aux gar\u00e7ons ou qui ne se sentent pas, \u00e0 un moment donn\u00e9, forc\u00e9ment l\u00e9gitimes \u00e0 entreprendre certaines formations.<\/p>\n<p>Une notion que la rectrice a tent\u00e9 d\u2019expliquer, m\u00eame si les ressorts sont \u00ab\u00a0souvent induits de mani\u00e8re inconsciente, dans les familles, \u00e0 l\u2019\u00e9cole, par les professeurs\u2026 On est davantage exigeant avec les filles.\u00a0\u00bb<\/p>\n<p>\u00ab\u00a0Pourtant elles r\u00e9ussissent autant que les gar\u00e7ons et m\u00eame mieux\u00a0: les r\u00e9sultats leur sont plus favorables. Donc il ne faut pas\u00a0juste aimer les maths, mais il faut oser les maths.\u00a0\u00bb\u00a0Et de marteler\u00a0: \u00ab\u00a0Il n\u2019y a aucune raison de ne pas avoir confiance. Bien au contraire, cette mixit\u00e9 est primordiale partout, dans tous les pans de la soci\u00e9t\u00e9.\u00a0\u00bb<\/p>\n<p>        <img decoding=\"async\" class=\"std-img__img responsive-img\" src=\"https:\/\/www.europesays.com\/fr\/wp-content\/uploads\/2025\/06\/1749810858_256_image.jpg\" alt=\"Les coll\u00e9giennes ont m\u00eame pu assister \u00e0 un cours de math\u00e9matiques en conditions r\u00e9elles.\"\/><\/p>\n<p>                Les coll\u00e9giennes ont m\u00eame pu assister \u00e0 un cours de math\u00e9matiques en conditions r\u00e9elles.<br \/>\n                                    Midi Libre<\/p>\n<p>Apr\u00e8s avoir assist\u00e9 \u00e0 divers ateliers dans les laboratoires de l\u2019\u00e9tablissement et des \u00e9changes, esp\u00e9rons que les coll\u00e9giennes auront vraiment assimil\u00e9, m\u00eame dans leur inconscient, que l\u2019ambition ne devrait jamais \u00eatre une affaire de genre.<\/p>\n<p>        <img decoding=\"async\" class=\"std-img__img responsive-img\" src=\"https:\/\/www.europesays.com\/fr\/wp-content\/uploads\/2025\/06\/1749810859_439_image.png\" alt=\"Alexandre Marino, l\u2019inventeur de F\u00e9miniMath avec la rectrice Carole Drucker-Godard.\"\/><\/p>\n<p>                Alexandre Marino, l\u2019inventeur de F\u00e9miniMath avec la rectrice Carole Drucker-Godard.<br \/>\n                                    Midi Libre<\/p>\n<p>    \u00ab\u00a0Les filles ont tendance \u00e0 se sous-estimer\u00a0\u00bb<\/p>\n<p>C\u2019est un homme qui a impuls\u00e9 le projet \u00ab\u00a0F\u00e9minimath\u00a0\u00bb. Pour Alexandre Marino, professeur de maths en classe pr\u00e9paratoire, le manque d\u2019\u00e9l\u00e8ves f\u00e9minines dans les formations scientifiques est d\u00fb au manque de confiance principalement.<\/p>\n<p>Il est ainsi devenu \u00ab\u00a0l\u2019inventeur\u00a0\u00bb de cette journ\u00e9e. \u00ab\u00a0Avec mon parcours professionnel mais aussi personnel \u2013 j\u2019ai une fille de 13 ans \u2013 je remarque que les filles ont tendance \u00e0 se sous-estimer. En tant que professeur, c\u2019est une mission qui m\u2019incombe de faire bouger les choses.\u00a0\u00bb<\/p>\n<p>Il a donc con\u00e7u F\u00e9minimath, cr\u00e9\u00e9 un logo pour l\u2019occasion et convaincu ses \u00e9tudiantes de participer. \u00ab\u00a0C\u2019est beaucoup de travail, mais \u00e7a vaut le coup.\u00a0\u00bb<\/p>\n<p>Et pour faire comprendre aux coll\u00e9giennes pr\u00e9sentes que la place des femmes dans les domaines scientifiques reste certes encore \u00e0 conqu\u00e9rir mais qu\u2019elle est surtout \u00e0 prendre, il a anim\u00e9 une conf\u00e9rence en s\u2019appuyant sur deux exemples.<\/p>\n<p>Celui de Sophie Germain, premi\u00e8re femme \u00e0 remporter\u00a0un prix de l\u2019Acad\u00e9mie des sciences \u2013 c\u2019\u00e9tait en 1816, mais qui n\u2019aura pas eu droit sur sa tombe \u00e0 l\u2019inscription de son titre de \u00ab\u00a0math\u00e9maticienne\u00a0\u00bb.<\/p>\n<p>Et celui de\u00a0Maryam Mirzakhani, la premi\u00e8re femme laur\u00e9ate de la m\u00e9daille Fields en\u2026 2014.<\/p>\n<p>Ne reste plus qu\u2019\u00e0 cette g\u00e9n\u00e9ration de s\u2019emparer des sciences.<\/p>\n","protected":false},"excerpt":{"rendered":"Quelque 70 coll\u00e9giennes ont particip\u00e9 \u00e0 la journ\u00e9e \u00ab\u00a0F\u00e9miniMath\u00a0\u00bb au lyc\u00e9e Joffre, une initiative visant \u00e0 encourager les&hellip;\n","protected":false},"author":2,"featured_media":173142,"comment_status":"","ping_status":"","sticky":false,"template":"","format":"standard","meta":{"footnotes":""},"categories":[9599],"tags":[1111,11,1777,674,1011,27,2208,12,2680,25],"class_list":{"0":"post-173141","1":"post","2":"type-post","3":"status-publish","4":"format-standard","5":"has-post-thumbnail","7":"category-montpellier","8":"tag-actu","9":"tag-actualites","10":"tag-eu","11":"tag-europe","12":"tag-fr","13":"tag-france","14":"tag-montpellier","15":"tag-news","16":"tag-occitanie","17":"tag-republique-francaise"},"share_on_mastodon":{"url":"https:\/\/pubeurope.com\/@fr\/114675611727668944","error":""},"_links":{"self":[{"href":"https:\/\/www.europesays.com\/fr\/wp-json\/wp\/v2\/posts\/173141","targetHints":{"allow":["GET"]}}],"collection":[{"href":"https:\/\/www.europesays.com\/fr\/wp-json\/wp\/v2\/posts"}],"about":[{"href":"https:\/\/www.europesays.com\/fr\/wp-json\/wp\/v2\/types\/post"}],"author":[{"embeddable":true,"href":"https:\/\/www.europesays.com\/fr\/wp-json\/wp\/v2\/users\/2"}],"replies":[{"embeddable":true,"href":"https:\/\/www.europesays.com\/fr\/wp-json\/wp\/v2\/comments?post=173141"}],"version-history":[{"count":0,"href":"https:\/\/www.europesays.com\/fr\/wp-json\/wp\/v2\/posts\/173141\/revisions"}],"wp:featuredmedia":[{"embeddable":true,"href":"https:\/\/www.europesays.com\/fr\/wp-json\/wp\/v2\/media\/173142"}],"wp:attachment":[{"href":"https:\/\/www.europesays.com\/fr\/wp-json\/wp\/v2\/media?parent=173141"}],"wp:term":[{"taxonomy":"category","embeddable":true,"href":"https:\/\/www.europesays.com\/fr\/wp-json\/wp\/v2\/categories?post=173141"},{"taxonomy":"post_tag","embeddable":true,"href":"https:\/\/www.europesays.com\/fr\/wp-json\/wp\/v2\/tags?post=173141"}],"curies":[{"name":"wp","href":"https:\/\/api.w.org\/{rel}","templated":true}]}}