{"id":173147,"date":"2025-06-13T10:37:09","date_gmt":"2025-06-13T10:37:09","guid":{"rendered":"https:\/\/www.europesays.com\/fr\/173147\/"},"modified":"2025-06-13T10:37:09","modified_gmt":"2025-06-13T10:37:09","slug":"grenoble-linsecurite-et-les-nuisances-frappent-ces-secteurs-une-mesure-forte-est-prise","status":"publish","type":"post","link":"https:\/\/www.europesays.com\/fr\/173147\/","title":{"rendered":"Grenoble. L&rsquo;ins\u00e9curit\u00e9 et les nuisances frappent ces secteurs, une mesure forte est prise"},"content":{"rendered":"<p>            Par<br \/>\n        <strong><br \/>\n            <a href=\"https:\/\/actu.fr\/auteur\/julien-sournies\" title=\"Consulter tous les articles de Julien Sournies\" target=\"_blank\" rel=\"noopener\">Julien Sournies<\/a><br \/>\n        <\/strong><\/p>\n<p>        Publi\u00e9 le<\/p>\n<p>            13 juin 2025 \u00e0 12h11        <\/p>\n<p>De nouvelles mesures sont effectives \u00e0 <a href=\"https:\/\/actu.fr\/grenoble\/\" target=\"_blank\" rel=\"noopener\">Grenoble<\/a> (<a href=\"https:\/\/actu.fr\/auvergne-rhone-alpes\/isere_38\" target=\"_blank\" rel=\"noopener\">Is\u00e8re<\/a>) depuis le d\u00e9but du mois. Ce jeudi 12 juin 2025, la Ville de Grenoble a en effet publi\u00e9 un <a href=\"https:\/\/cloud.grenoblealpesmetropole.fr\/index.php\/s\/5pAn4DSQakKCzeT?dir=undefined&amp;path=%2FCommerce&amp;openfile=6518712\" target=\"_blank\" rel=\"noopener\">arr\u00eat\u00e9<\/a> <strong>r\u00e9glementant les horaires d\u2019ouverture<\/strong> des \u00e9tablissements type \u00e9piceries de nuit et de vente \u00e0 emporter des boissons alcoolis\u00e9es.<\/p>\n<p class=\" wall-content\">Ainsi, depuis le 1\u1d49\u02b3 juin, et ce, <strong>jusqu\u2019au 31\u00a0d\u00e9cembre 2025<\/strong>, les \u00e9tablissements titulaires d\u2019une petite ou d\u2019une grande licence \u00e0 emporter, devront \u00eatre ferm\u00e9s de 22h jusqu\u2019\u00e0 6h, du jeudi au dimanche inclus.<\/p>\n<p>\u00ab\u2009\u00c0 l\u2019origine de nombreuses nuisances\u2009\u00bb<\/p>\n<p class=\" wall-content\">La raison\u2009? La municipalit\u00e9 estime \u00ab\u2009que le fonctionnement des \u00e9piceries de nuit est \u00e0 <strong>l\u2019origine de nombreuses nuisances<\/strong> perturbant la tranquillit\u00e9 des riverains et donnant lieu \u00e0 des r\u00e9clamations\u2009: regroupements, rixes et violence avec armes\u2009\u00bb.<\/p>\n<blockquote class=\"ac-article-quote wall-content\">\n<p>Les ouvertures nocturnes des \u00e9tablissements de restauration rapide et de vente \u00e0 emporter, des \u00e9piceries de nuit, dont l&rsquo;activit\u00e9 se traduit par un va-et-vient incessant, accompagn\u00e9 d&rsquo;une consommation \u00e0 proximit\u00e9 du commerce sur la voie publique, entretiennent et favorisent la pr\u00e9sence permanente de personnes, qui g\u00e9n\u00e8rent des nuisances sonores, et portent atteinte \u00e0 la salubrit\u00e9, \u00e0 la tranquillit\u00e9 publique et \u00e0 la s\u00e9curit\u00e9 publique. <\/p>\n<p>    <strong>Ville de Grenoble<\/strong>\n            <\/p><\/blockquote>\n<p>Les secteurs concern\u00e9s<\/p>\n<p class=\" wall-content\">De fait, plusieurs secteurs sont concern\u00e9s par cette nouvelle mesure\u2009:<\/p>\n<p>Vid\u00e9os : en ce moment sur Actu<\/p>\n<ul class=\" wall-content\">\n<li><strong>Secteur 1<\/strong>\u2009: Berriat \u2013 Saint Bruno \u2013 Europole \u2013 Centre \u2013 Gare Bastille -Eaux-claires Nord -Jean Mac\u00e9<\/li>\n<li><strong>Secteur 2<\/strong>\u2009: Mutualit\u00e9 \u2013 Foch \u2013 Jean-Jaur\u00e8s \u2013 Centre-ville \u2013 Notre-Dame \u2013 Championnet -\u00eele verte \u2013 Saint-Laurent Rive Droite<\/li>\n<li><strong>Secteur 3<\/strong>\u2009: Mistral -Lys Rouge-Camine-Abry-Rondeau-Lib\u00e9ration-Eaux-claires-Sidi Brahim<\/li>\n<li><strong>Secteur 4<\/strong>\u2009: Alli\u00e9s \u2013 Alpins \u2013 Beauvert \u2013 Capuche Grands-Boulevards \u2013 Exposition-Bajati\u00e8re \u2013 Reyni\u00e8s<\/li>\n<li><strong>Secteur 6<\/strong>\u2009: Villeneuve Arlequin \u2013 Baladins \u2013 G\u00e9ants \u2013 Vigny Musset \u2013 Village Olympique<\/li>\n<\/ul>\n<p class=\" wall-content\">La municipalit\u00e9 rappelle toutefois que ces dispositions ne s\u2019appliquent pas aux terrasses de caf\u00e9, restaurants et autres \u00e9tablissements ayant une activit\u00e9 d\u00fbment autoris\u00e9e. Idem pour les lieux de manifestations locales o\u00f9 la consommation d\u2019alcool est autoris\u00e9e.<\/p>\n<p class=\" wall-content\">Suivez toute l\u2019actualit\u00e9 de vos villes et m\u00e9dias favoris en vous inscrivant \u00e0 <a href=\"https:\/\/moncompte.actu.fr\" title=\"D\u00e9couvez Mon Actu\" rel=\"nofollow noopener\" data-trk=\"{&quot;cta&quot;:{&quot;action&quot;:&quot;https:\\\/\\\/moncompte.actu.fr&quot;,&quot;category&quot;:&quot;mon compte&quot;,&quot;from&quot;:&quot;article footer&quot;,&quot;name&quot;:&quot;Mon actu&quot;,&quot;type&quot;:&quot;cta&quot;}}\" target=\"_blank\">Mon Actu<\/a>.<\/p>\n","protected":false},"excerpt":{"rendered":"Par Julien Sournies Publi\u00e9 le 13 juin 2025 \u00e0 12h11 De nouvelles mesures sont effectives \u00e0 Grenoble (Is\u00e8re)&hellip;\n","protected":false},"author":2,"featured_media":173148,"comment_status":"","ping_status":"","sticky":false,"template":"","format":"standard","meta":{"footnotes":""},"categories":[9566],"tags":[1111,11,5702,2430,215,1777,674,1011,27,2731,2825,12,25,104],"class_list":{"0":"post-173147","1":"post","2":"type-post","3":"status-publish","4":"format-standard","5":"has-post-thumbnail","7":"category-grenoble","8":"tag-actu","9":"tag-actualites","10":"tag-alcool","11":"tag-auvergne-rhone-alpes","12":"tag-commerce","13":"tag-eu","14":"tag-europe","15":"tag-fr","16":"tag-france","17":"tag-grenoble","18":"tag-insecurite","19":"tag-news","20":"tag-republique-francaise","21":"tag-societe"},"share_on_mastodon":{"url":"https:\/\/pubeurope.com\/@fr\/114675623164340957","error":""},"_links":{"self":[{"href":"https:\/\/www.europesays.com\/fr\/wp-json\/wp\/v2\/posts\/173147","targetHints":{"allow":["GET"]}}],"collection":[{"href":"https:\/\/www.europesays.com\/fr\/wp-json\/wp\/v2\/posts"}],"about":[{"href":"https:\/\/www.europesays.com\/fr\/wp-json\/wp\/v2\/types\/post"}],"author":[{"embeddable":true,"href":"https:\/\/www.europesays.com\/fr\/wp-json\/wp\/v2\/users\/2"}],"replies":[{"embeddable":true,"href":"https:\/\/www.europesays.com\/fr\/wp-json\/wp\/v2\/comments?post=173147"}],"version-history":[{"count":0,"href":"https:\/\/www.europesays.com\/fr\/wp-json\/wp\/v2\/posts\/173147\/revisions"}],"wp:featuredmedia":[{"embeddable":true,"href":"https:\/\/www.europesays.com\/fr\/wp-json\/wp\/v2\/media\/173148"}],"wp:attachment":[{"href":"https:\/\/www.europesays.com\/fr\/wp-json\/wp\/v2\/media?parent=173147"}],"wp:term":[{"taxonomy":"category","embeddable":true,"href":"https:\/\/www.europesays.com\/fr\/wp-json\/wp\/v2\/categories?post=173147"},{"taxonomy":"post_tag","embeddable":true,"href":"https:\/\/www.europesays.com\/fr\/wp-json\/wp\/v2\/tags?post=173147"}],"curies":[{"name":"wp","href":"https:\/\/api.w.org\/{rel}","templated":true}]}}