{"id":173156,"date":"2025-06-13T10:42:12","date_gmt":"2025-06-13T10:42:12","guid":{"rendered":"https:\/\/www.europesays.com\/fr\/173156\/"},"modified":"2025-06-13T10:42:12","modified_gmt":"2025-06-13T10:42:12","slug":"pia-imbs-presidente-de-leurometropole-de-strasbourg-ne-briguera-pas-de-nouveau-mandat-voici-pourquoi","status":"publish","type":"post","link":"https:\/\/www.europesays.com\/fr\/173156\/","title":{"rendered":"Pia Imbs, pr\u00e9sidente de l&rsquo;Eurom\u00e9tropole de Strasbourg, ne briguera pas de nouveau mandat : voici pourquoi"},"content":{"rendered":"<p>            Par<br \/>\n        <strong><br \/>\n            <a href=\"https:\/\/actu.fr\/auteur\/ivan-capecchi\" title=\"Consulter tous les articles de Ivan CAPECCHI\" target=\"_blank\" rel=\"noopener\">Ivan CAPECCHI<\/a><br \/>\n        <\/strong><\/p>\n<p>        Publi\u00e9 le<\/p>\n<p>            13 juin 2025 \u00e0 11h44        <\/p>\n<p>Comme r\u00e9v\u00e9l\u00e9 par nos confr\u00e8res des <a href=\"https:\/\/c.dna.fr\/politique\/2025\/06\/11\/pia-imbs-ne-briguera-pas-de-nouveau-mandat-en-2026\" target=\"_blank\" rel=\"noopener\">DNA<\/a>, <strong>Pia Imbs<\/strong>, pr\u00e9sidente de l\u2019Eurom\u00e9tropole de Strasbourg et maire de Holtzheim, a annonc\u00e9 <strong>qu\u2019elle ne briguera pas de nouveau mandat<\/strong> en 2026, fid\u00e8le \u00e0 sa promesse de se limiter \u00e0 deux mandats municipaux.<\/p>\n<p>Extension du stade de la Meinau, lancement du REME\u2026<\/p>\n<p class=\" wall-content\">Parmi les projets men\u00e9s sous sa pr\u00e9sidence, figurent l\u2019<a href=\"https:\/\/actu.fr\/grand-est\/strasbourg_67482\/strasbourg-voici-les-6-choses-a-retenir-concernant-la-renovation-du-stade-de-la-meinau_59423703.html\" target=\"_blank\" rel=\"noopener\">agrandissement du stade de la Meinau<\/a>, le lancement du <a href=\"https:\/\/actu.fr\/grand-est\/strasbourg_67482\/reseau-express-metropolitain-europeen-reme-l-objectif-des-1000-trains-en-plus-par-semaine-s-eloigne_62013038.html\" target=\"_blank\" rel=\"noopener\">R\u00e9seau express m\u00e9tropolitain europ\u00e9en (REME)<\/a>, la mise en place de la <a href=\"https:\/\/actu.fr\/grand-est\/strasbourg_67482\/dates-voitures-concernees-amendes-tout-comprendre-de-la-zfe-a-strasbourg_45342111.html\" target=\"_blank\" rel=\"noopener\">Zone \u00e0 faibles \u00e9missions (ZFE)<\/a>, le lancement du <a href=\"https:\/\/actu.fr\/grand-est\/strasbourg_67482\/carte-strasbourg-a-presente-son-gigantesque-plan-velo-voici-ce-qui-va-changer-pour-vous_42854167.html\" target=\"_blank\" rel=\"noopener\">plan v\u00e9lo<\/a>, la <strong>m\u00e9diath\u00e8que Frida-Kahlo \u00e0 Schiltigheim<\/strong>, ou encore la mise \u00e0 disposition du <strong>b\u00e2timent Osmose<\/strong> au <a href=\"https:\/\/actu.fr\/tag\/parlement-europeen\" target=\"_blank\" rel=\"noopener\">parlement europ\u00e9en<\/a>.<\/p>\n<p class=\" wall-content\">Mme Imbs se dit fi\u00e8re d\u2019avoir pu faire aboutir \u00ab\u2009des <strong>dossiers serpents de mer<\/strong>\u2009\u00bb, selon une citation reprise par nos confr\u00e8res des DNA.<\/p>\n<p>L\u2019arr\u00eat du tram nord, un revers brutal et inattendu<\/p>\n<p class=\" wall-content\">Son principal revers reste le coup d\u2019arr\u00eat brutal du <a href=\"https:\/\/actu.fr\/grand-est\/strasbourg_67482\/tram-nord-l-eurometropole-de-strasbourg-detaille-sa-nouvelle-methode-de-travail_62195224.html\" target=\"_blank\" rel=\"noopener\">projet de tram nord<\/a>, apr\u00e8s un avis <a href=\"https:\/\/actu.fr\/grand-est\/strasbourg_67482\/tram-nord-a-strasbourg-la-commission-d-enquete-rend-un-avis-defavorable-un-coup-de-tonnerre_61982104.html\" target=\"_blank\" rel=\"noopener\">d\u00e9favorable de la commission d\u2019enqu\u00eate publique<\/a>, fin 2024.<\/p>\n<p>Vid\u00e9os : en ce moment sur Actu<\/p>\n<p class=\" wall-content\">Projet que la Ville et l\u2019Eurom\u00e9tropole de Strasbourg ont choisi de retravailler, en esp\u00e9rant recevoir cette fois-ci un feu vert.<\/p>\n<p class=\" wall-content\">Suivez toute l\u2019actualit\u00e9 de vos villes et m\u00e9dias favoris en vous inscrivant \u00e0 <a href=\"https:\/\/moncompte.actu.fr\" title=\"D\u00e9couvez Mon Actu\" rel=\"nofollow noopener\" data-trk=\"{&quot;cta&quot;:{&quot;action&quot;:&quot;https:\\\/\\\/moncompte.actu.fr&quot;,&quot;category&quot;:&quot;mon compte&quot;,&quot;from&quot;:&quot;article footer&quot;,&quot;name&quot;:&quot;Mon actu&quot;,&quot;type&quot;:&quot;cta&quot;}}\" target=\"_blank\">Mon Actu<\/a>.<\/p>\n<ul class=\"ac-article-tag wall-content\">\n<li><a href=\"https:\/\/actu.fr\/tag\/eurometropole-de-strasbourg\" data-trk=\"{&quot;cta&quot;:{&quot;action&quot;:&quot;Eurom\\u00e9tropole de Strasbourg&quot;,&quot;category&quot;:&quot;tag&quot;,&quot;from&quot;:&quot;article footer&quot;,&quot;name&quot;:&quot;Eurom\\u00e9tropole de Strasbourg&quot;,&quot;type&quot;:&quot;cta&quot;}}\" target=\"_blank\" rel=\"noopener\">#Eurom\u00e9tropole de Strasbourg<\/a><\/li>\n<\/ul>\n","protected":false},"excerpt":{"rendered":"Par Ivan CAPECCHI Publi\u00e9 le 13 juin 2025 \u00e0 11h44 Comme r\u00e9v\u00e9l\u00e9 par nos confr\u00e8res des DNA, Pia&hellip;\n","protected":false},"author":2,"featured_media":173157,"comment_status":"","ping_status":"","sticky":false,"template":"","format":"standard","meta":{"footnotes":""},"categories":[2820],"tags":[1111,11,1777,5342,674,1011,27,775,12,316,25,640],"class_list":{"0":"post-173156","1":"post","2":"type-post","3":"status-publish","4":"format-standard","5":"has-post-thumbnail","7":"category-strasbourg","8":"tag-actu","9":"tag-actualites","10":"tag-eu","11":"tag-eurometropole-de-strasbourg","12":"tag-europe","13":"tag-fr","14":"tag-france","15":"tag-grand-est","16":"tag-news","17":"tag-politique","18":"tag-republique-francaise","19":"tag-strasbourg"},"share_on_mastodon":{"url":"https:\/\/pubeurope.com\/@fr\/114675642754715161","error":""},"_links":{"self":[{"href":"https:\/\/www.europesays.com\/fr\/wp-json\/wp\/v2\/posts\/173156","targetHints":{"allow":["GET"]}}],"collection":[{"href":"https:\/\/www.europesays.com\/fr\/wp-json\/wp\/v2\/posts"}],"about":[{"href":"https:\/\/www.europesays.com\/fr\/wp-json\/wp\/v2\/types\/post"}],"author":[{"embeddable":true,"href":"https:\/\/www.europesays.com\/fr\/wp-json\/wp\/v2\/users\/2"}],"replies":[{"embeddable":true,"href":"https:\/\/www.europesays.com\/fr\/wp-json\/wp\/v2\/comments?post=173156"}],"version-history":[{"count":0,"href":"https:\/\/www.europesays.com\/fr\/wp-json\/wp\/v2\/posts\/173156\/revisions"}],"wp:featuredmedia":[{"embeddable":true,"href":"https:\/\/www.europesays.com\/fr\/wp-json\/wp\/v2\/media\/173157"}],"wp:attachment":[{"href":"https:\/\/www.europesays.com\/fr\/wp-json\/wp\/v2\/media?parent=173156"}],"wp:term":[{"taxonomy":"category","embeddable":true,"href":"https:\/\/www.europesays.com\/fr\/wp-json\/wp\/v2\/categories?post=173156"},{"taxonomy":"post_tag","embeddable":true,"href":"https:\/\/www.europesays.com\/fr\/wp-json\/wp\/v2\/tags?post=173156"}],"curies":[{"name":"wp","href":"https:\/\/api.w.org\/{rel}","templated":true}]}}