{"id":173158,"date":"2025-06-13T10:43:10","date_gmt":"2025-06-13T10:43:10","guid":{"rendered":"https:\/\/www.europesays.com\/fr\/173158\/"},"modified":"2025-06-13T10:43:10","modified_gmt":"2025-06-13T10:43:10","slug":"je-mexcuse-moins-detre-la-nora-hamzawi-en-pleine-forme-a-nice","status":"publish","type":"post","link":"https:\/\/www.europesays.com\/fr\/173158\/","title":{"rendered":"\u00ab\u00a0Je m\u2019excuse moins d\u2019\u00eatre l\u00e0\u00a0\u00bb: Nora Hamzawi en pleine forme \u00e0 Nice"},"content":{"rendered":"<p>Mine de rien, \u00e7a commence \u00e0 faire un bail qu\u2019elle nous fait marrer. Avec ses tracas de la vie quotidienne, ses observations sur la vie de couple et tous ces petits trucs pas graves, qui nous tapent sur le syst\u00e8me. Que ce soit au travers de ses apparitions dans Le Grand Journal, ses chroniques sur France Inter ou ses spectacles, Nora Hamzawi est dans le paysage de l\u2019humour depuis une quinzaine d\u2019ann\u00e9es. Son nouveau spectacle, le troisi\u00e8me de sa carri\u00e8re, \u00e0 d\u00e9couvrir ce vendredi 13 juin au Th\u00e9\u00e2tre Lino-Ventura, \u00e0 Nice, n\u2019a pas de titre.<\/p>\n<p>C\u2019est le premier qu\u2019elle pr\u00e9sente en tant que quadra, elle qui a tant \u00e9t\u00e9 estampill\u00e9e \u00ab\u00a0trentenaire parisienne \u00e0 lunettes, avec un chignon\u00a0\u00bb. \u00ab\u00a0Au d\u00e9but, je croyais que mon public me ressemblait, un peu comme dans une secte. Avec le temps, plus de gens se sont identifi\u00e9s \u00e0 ce que je racontais. Des femmes, mais aussi des hommes, des plus jeunes. \u00c7a me fait vraiment plaisir.\u00a0\u00bb<\/p>\n<p>Plus de plaisir et d\u2019interaction avec le public<\/p>\n<p>Suffisant pour apaiser cette \u00e9ternelle angoiss\u00e9e? Oui et non. \u00ab\u00a0Je crois que j\u2019ai un moteur qui fait que je suis toujours dans le doute. Parce qu\u2019en r\u00e9alit\u00e9, dans ce m\u00e9tier-l\u00e0, c\u2019est toujours tr\u00e8s incertain. Sinc\u00e8rement, j\u2019ai l\u2019impression qu\u2019il y a 3.000 nouveaux humoristes chaque jour&#8230; Mais parfois, j\u2019arrive \u00e0 me dire que j\u2019ai un public fid\u00e8le. [&#8230;] Je ne sais pas si cela tient \u00e0 une forme de confiance ou d\u2019exp\u00e9rience, mais je me laisse moins bouffer, je m\u2019excuse moins d\u2019\u00eatre l\u00e0. Et du coup, je prends plus de plaisir sur sc\u00e8ne\u00a0\u00bb, d\u00e9veloppe Nora Hamzawi au t\u00e9l\u00e9phone.<\/p>\n<p>Sur les r\u00e9seaux sociaux, elle ne d\u00e9voile pas ses sketchs, pr\u00e9f\u00e9rant poster des s\u00e9quences o\u00f9 elle fait des vannes avec le public. Un exercice de plus en plus fr\u00e9quent, sans \u00eatre automatique ni d\u00e9vorer outre mesure la part \u00e9crite de son spectacle.<\/p>\n<p>\u00ab\u00a0J\u2019ai l\u2019impression que les gens appr\u00e9cient de plus en plus quand le quatri\u00e8me mur tombe. Ces interactions, elles ne sont pas syst\u00e9matiques chez moi. Mais j\u2019aime bien me servir de ces accidents.\u00a0\u00bb<\/p>\n<p>\u00ab\u00a0Une sorte de bulle pour se couper du monde\u00a0\u00bb<\/p>\n<p>Son show, qu\u2019elle joue depuis mars 2024, elle l\u2019a con\u00e7u comme \u00ab\u00a0une sorte de bulle pour se couper du monde\u00a0\u00bb.<\/p>\n<p>\u00ab\u00a0Quand j\u2019ai commenc\u00e9 l\u2019\u00e9criture, j\u2019\u00e9tais quand m\u00eame tr\u00e8s angoiss\u00e9e par l\u2019actualit\u00e9. Et je n\u2019avais aucune envie d\u2019en parler sur sc\u00e8ne, parce que je trouvais qu\u2019il n\u2019y avait pas de potentiel comique. J\u2019ai pr\u00e9f\u00e9r\u00e9 parler de l\u2019incidence de toutes ces infos anxiog\u00e8nes sur notre quotidien. Mais aussi de la mani\u00e8re dont notre rapport \u00e0 l\u2019avenir, \u00e0 nos enfants, \u00e0 notre couple ou m\u00eame notre sexualit\u00e9 sont troubl\u00e9s. Il y a un c\u00f4t\u00e9 tr\u00e8s intime et une recherche de joie \u00e0 la fois dans ce que je propose.\u00a0\u00bb<\/p>\n<p>Sans que ce soit le point num\u00e9ro un sur sa to do list, Nora Hamzawi fait en sorte de ne pas glisser dans un registre d\u00e9plaisant, celui de la donneuse de le\u00e7ons.<\/p>\n<p>\u00ab\u00a0Je trouve qu\u2019on a de plus en plus besoin de prouver qu\u2019on est intelligent, qu\u2019on analyse, qu\u2019on a un point de vue. Pour moi, le rire, c\u2019est aussi quelque chose de tr\u00e8s noble, qui sert \u00e0 montrer qu\u2019on a compris quelque chose sur le monde aussi, mais d\u2019une mani\u00e8re beaucoup plus douce et \u00e9motionnelle. Et j\u2019ai envie que les sujets abord\u00e9s soient incarn\u00e9s, qu\u2019ils aient une dimension r\u00e9elle.\u00a0\u00bb<\/p>\n<p>Un rapport \u00ab\u00a0\u00e9trange\u00a0\u00bb avec la C\u00f4te d\u2019Azur<\/p>\n<p>Nora Hamzawi, n\u00e9e en avril 1983 \u00e0 Cannes, entretient un lien particulier avec sa r\u00e9gion natale, d\u2019o\u00f9 elle est partie \u00e0 un an et demi, apr\u00e8s le d\u00e9c\u00e8s de son p\u00e8re. \u00ab\u00a0Plus tard, on louait des appartements dans les parages, l\u2019\u00e9t\u00e9. Mes souvenirs sont assez flous. Quand je reviens ici, je suis toujours tr\u00e8s heureuse. Mais il y a quelque chose qui rend tout \u00e7a assez \u00e9trange. Il y a un truc un peu m\u00e9lancolique, d\u2019attachement. Et un c\u00f4t\u00e9 tr\u00e8s professionnel. La toute premi\u00e8re fois o\u00f9 je suis venue ici dans ce cadre, c\u2019\u00e9tait avec l\u2019\u00e9quipe du Grand Journal, pour le Festival de Cannes. J\u2019ai vu \u00e7a comme un \u00e9v\u00e9nement tr\u00e8s impressionnant, tout en \u00e9tant un grand cirque. J\u2019y suis retourn\u00e9e plus tard avec Olivier Assayas pour Irma Vep, puis l\u2019an dernier avec Jean-Christophe Meurisse, pour Les Pistolets en plastique [en tant qu\u2019actrice, Nora Hamzawi compte une quinzaine de films et s\u00e9ries \u00e0 son actif, ndlr]. Il y a une super visibilit\u00e9 pour pr\u00e9senter les films. Apr\u00e8s, tout ce qu\u2019il y a autour, il ne faut pas que \u00e7a dure trop longtemps. Il faut le prendre comme un jeu\u00a0\u00bb, rit-elle.<\/p>\n<p>Nora Hamzawi en spectacle. Ce vendredi \u00e0 20h, au Th\u00e9\u00e2tre Lino-Ventura \u00e0 Nice. 31,99 euros. Rens. panda-events.com\/ evenement\/nora-hamzawi<\/p>\n","protected":false},"excerpt":{"rendered":"Mine de rien, \u00e7a commence \u00e0 faire un bail qu\u2019elle nous fait marrer. Avec ses tracas de la&hellip;\n","protected":false},"author":2,"featured_media":173159,"comment_status":"","ping_status":"","sticky":false,"template":"","format":"standard","meta":{"footnotes":""},"categories":[2819],"tags":[1111,11,251,1777,674,1011,27,708,12,2401,882,25],"class_list":{"0":"post-173158","1":"post","2":"type-post","3":"status-publish","4":"format-standard","5":"has-post-thumbnail","7":"category-nice","8":"tag-actu","9":"tag-actualites","10":"tag-culture","11":"tag-eu","12":"tag-europe","13":"tag-fr","14":"tag-france","15":"tag-humour","16":"tag-news","17":"tag-nice","18":"tag-provence-alpes-cote-dazur","19":"tag-republique-francaise"},"share_on_mastodon":{"url":"https:\/\/pubeurope.com\/@fr\/114675646730498785","error":""},"_links":{"self":[{"href":"https:\/\/www.europesays.com\/fr\/wp-json\/wp\/v2\/posts\/173158","targetHints":{"allow":["GET"]}}],"collection":[{"href":"https:\/\/www.europesays.com\/fr\/wp-json\/wp\/v2\/posts"}],"about":[{"href":"https:\/\/www.europesays.com\/fr\/wp-json\/wp\/v2\/types\/post"}],"author":[{"embeddable":true,"href":"https:\/\/www.europesays.com\/fr\/wp-json\/wp\/v2\/users\/2"}],"replies":[{"embeddable":true,"href":"https:\/\/www.europesays.com\/fr\/wp-json\/wp\/v2\/comments?post=173158"}],"version-history":[{"count":0,"href":"https:\/\/www.europesays.com\/fr\/wp-json\/wp\/v2\/posts\/173158\/revisions"}],"wp:featuredmedia":[{"embeddable":true,"href":"https:\/\/www.europesays.com\/fr\/wp-json\/wp\/v2\/media\/173159"}],"wp:attachment":[{"href":"https:\/\/www.europesays.com\/fr\/wp-json\/wp\/v2\/media?parent=173158"}],"wp:term":[{"taxonomy":"category","embeddable":true,"href":"https:\/\/www.europesays.com\/fr\/wp-json\/wp\/v2\/categories?post=173158"},{"taxonomy":"post_tag","embeddable":true,"href":"https:\/\/www.europesays.com\/fr\/wp-json\/wp\/v2\/tags?post=173158"}],"curies":[{"name":"wp","href":"https:\/\/api.w.org\/{rel}","templated":true}]}}