{"id":173174,"date":"2025-06-13T10:51:10","date_gmt":"2025-06-13T10:51:10","guid":{"rendered":"https:\/\/www.europesays.com\/fr\/173174\/"},"modified":"2025-06-13T10:51:10","modified_gmt":"2025-06-13T10:51:10","slug":"lille-cest-quoi-ce-piano-geant-qui-a-ete-installe-au-centre-commercial-westfield-euralille","status":"publish","type":"post","link":"https:\/\/www.europesays.com\/fr\/173174\/","title":{"rendered":"Lille. C&rsquo;est quoi ce piano g\u00e9ant qui a \u00e9t\u00e9 install\u00e9 au centre commercial Westfield Euralille\u00a0?"},"content":{"rendered":"<p>            Par<br \/>\n        <strong><br \/>\n            <a href=\"https:\/\/actu.fr\/auteur\/nicolas-demollien\" title=\"Consulter tous les articles de Nicolas Demollien\" rel=\"nofollow noopener\" target=\"_blank\">Nicolas Demollien<\/a><br \/>\n        <\/strong><\/p>\n<p>        Publi\u00e9 le<\/p>\n<p>            13 juin 2025 \u00e0 12h40        <\/p>\n<p>Vous allez en prendre plein les yeux et les oreilles ! Ces vendredi 13 et samedi 14 juin 2025, le <b>centre commercial Westfield Euralille<\/b> se transforme en <b>salle de concert <\/b>\u00e0 <a href=\"https:\/\/actu.fr\/hauts-de-france\/lille_59350\" rel=\"nofollow noopener\" target=\"_blank\">Lille<\/a> (Nord). Vous y d\u00e9couvrirez un piano g\u00e9ant en place centrale et pourrez profiter de <b>plusieurs spectacles gratuits<\/b>.<\/p>\n<p>Pourquoi un piano g\u00e9ant est install\u00e9 chez Westfield Euralille ?<\/p>\n<p data-end=\"477\" class=\" wall-content\">Le centre s\u2019est en effet s\u2019associ\u00e9 pour la <b>premi\u00e8re fois<\/b> \u00e0 l\u2019<b>Orchestre National de Lille <\/b>dans le cadre du <a href=\"https:\/\/www.lillepianosfestival.fr\/2025\/\" rel=\"nofollow noopener\" target=\"_blank\">Lille Piano Festival<\/a>. <b data-end=\"538\"\/><\/p>\n<p class=\" wall-content\">Pendant deux jours, vous pourrez ainsi d\u00e9couvrir sur place \u00ab\u00a0un dispositif aussi visuel que sonore\u00a0\u00bb, annonce le centre commercial :<\/p>\n<ul class=\" wall-content\">\n<li>Des d\u00e9monstrations musicales, accessibles \u00e0 tous, orchestr\u00e9es par des artistes de l\u2019ONL,<br data-end=\"737\"\/>Des shows chor\u00e9graphi\u00e9s sur le piano g\u00e9ant, propos\u00e9s \u00e0 intervalles r\u00e9guliers<\/li>\n<li data-end=\"936\">Et la possibilit\u00e9 pour le public de jouer vous-m\u00eames sur l\u2019instrument, accompagn\u00e9s par un animateur pr\u00e9sent sur place.<\/li>\n<\/ul>\n<p data-end=\"1047\" class=\" wall-content\">\u00ab\u00a0Ce premier partenariat avec l\u2019Orchestre National de Lille est une vraie opportunit\u00e9 pour Westfield Euralille. Installer un piano g\u00e9ant en plein c\u0153ur du centre, c\u2019est sortir des sentiers battus et proposer quelque chose de concret, accessible et engageant pour nos visiteurs\u00a0\u00bb, se r\u00e9jouit J\u00e9r\u00e9my Desprets, directeur de Westfield.\u00a0<\/p>\n<p>Vid\u00e9os : en ce moment sur Actu<\/p>\n<p data-end=\"1047\" class=\" wall-content\">Les horaires des performances sont les suivantes : vendredi 13 juin de 12h \u00e0 14h et de 17h \u00e0 19h, samedi 14 juin de 14h \u00e0 18h.<\/p>\n<p data-end=\"1047\" class=\" wall-content\">\n<blockquote class=\"tiktok-embed\" cite=\"https:\/\/www.tiktok.com\/@lilleactu\/video\/7515380578796031254\" data-video-id=\"7515380578796031254\" data-embed-from=\"oembed\" style=\"max-width:605px; min-width:325px;\"><p>\n<a target=\"_blank\" title=\"@lilleactu\" href=\"https:\/\/www.tiktok.com\/@lilleactu?refer=embed\" rel=\"nofollow noopener\">@lilleactu<\/a> <\/p><\/blockquote>\n<p class=\" wall-content\">\ud83c\udfb9 Un clavier de piano g\u00e9ant \u00e0 Euralille \ud83c\udfb9  Le Lille Piano(s) Festival s\u2019invite pour la premi\u00e8re fois dans le centre commercial de Lille, ce vendredi et samedi. Des d\u00e9monstrations y sont propos\u00e9es par l\u2019onl, midi et soir. Le reste du temps, les visiteurs peuvent tester. + d\u2019infos : \ud83d\udd17 https:\/\/actu.fr\/hauts-de-france\/lille_59350\/lille-cest-quoi-ce-piano-geant-qui-a-ete-installe-au-centre-commercial-westfield-euralille_62769025.html <a title=\"piano\" target=\"_blank\" href=\"https:\/\/www.tiktok.com\/tag\/piano?refer=embed\" rel=\"nofollow noopener\">#piano<\/a> <a title=\"lille\" target=\"_blank\" href=\"https:\/\/www.tiktok.com\/tag\/lille?refer=embed\" rel=\"nofollow noopener\">#lille<\/a> <a title=\"lillepianosfestival\" target=\"_blank\" href=\"https:\/\/www.tiktok.com\/tag\/lillepianosfestival?refer=embed\" rel=\"nofollow noopener\">#lillepianosfestival<\/a> <a title=\"onl\" target=\"_blank\" href=\"https:\/\/www.tiktok.com\/tag\/onl?refer=embed\" rel=\"nofollow noopener\">#onl<\/a> <a title=\"westfield\" target=\"_blank\" href=\"https:\/\/www.tiktok.com\/tag\/westfield?refer=embed\" rel=\"nofollow noopener\">#westfield<\/a> <a title=\"euralille\" target=\"_blank\" href=\"https:\/\/www.tiktok.com\/tag\/euralille?refer=embed\" rel=\"nofollow noopener\">#euralille<\/a> <a title=\"musique\" target=\"_blank\" href=\"https:\/\/www.tiktok.com\/tag\/musique?refer=embed\" rel=\"nofollow noopener\">#musique<\/a> @Westfield Euralille @Orchestre National de Lille  <\/p>\n<p class=\" wall-content\"> <a target=\"_blank\" title=\"\u266c son original - LilleActu\" href=\"https:\/\/www.tiktok.com\/music\/son-original-7515380567237724950?refer=embed\" rel=\"nofollow noopener\">\u266c son original \u2013 LilleActu<\/a> <\/p>\n<p data-end=\"1047\" class=\" wall-content\">Plus d\u2019infos sur le site <a href=\"https:\/\/www.westfield.com\/fr\/france\/euralille\/actualites\/lorchestre-national-de-lille-sinstalle-a-westfield-euralille\/130081\" rel=\"nofollow noopener\" target=\"_blank\">westfield.com<\/a><br data-end=\"1864\"\/><\/p>\n<p class=\" wall-content\">Suivez toute l\u2019actualit\u00e9 de vos villes et m\u00e9dias favoris en vous inscrivant \u00e0 <a href=\"https:\/\/moncompte.actu.fr\" title=\"D\u00e9couvez Mon Actu\" rel=\"nofollow noopener\" data-trk=\"{&quot;cta&quot;:{&quot;action&quot;:&quot;https:\\\/\\\/moncompte.actu.fr&quot;,&quot;category&quot;:&quot;mon compte&quot;,&quot;from&quot;:&quot;article footer&quot;,&quot;name&quot;:&quot;Mon actu&quot;,&quot;type&quot;:&quot;cta&quot;}}\" target=\"_blank\">Mon Actu<\/a>.<\/p>\n<ul class=\"ac-article-tag wall-content\">\n<li><a href=\"https:\/\/actu.fr\/tag\/bon-plan-a-lille\" data-trk=\"{&quot;cta&quot;:{&quot;action&quot;:&quot;Bon plan \\u00e0 Lille&quot;,&quot;category&quot;:&quot;tag&quot;,&quot;from&quot;:&quot;article footer&quot;,&quot;name&quot;:&quot;Bon plan \\u00e0 Lille&quot;,&quot;type&quot;:&quot;cta&quot;}}\" rel=\"nofollow noopener\" target=\"_blank\">#Bon plan \u00e0 Lille<\/a><\/li>\n<li><a href=\"https:\/\/actu.fr\/tag\/concert\" data-trk=\"{&quot;cta&quot;:{&quot;action&quot;:&quot;Concert&quot;,&quot;category&quot;:&quot;tag&quot;,&quot;from&quot;:&quot;article footer&quot;,&quot;name&quot;:&quot;Concert&quot;,&quot;type&quot;:&quot;cta&quot;}}\" rel=\"nofollow noopener\" target=\"_blank\">#Concert<\/a><\/li>\n<\/ul>\n<p>                    <script async src=\"\/\/www.tiktok.com\/embed.js\"><\/script><\/p>\n","protected":false},"excerpt":{"rendered":"Par Nicolas Demollien Publi\u00e9 le 13 juin 2025 \u00e0 12h40 Vous allez en prendre plein les yeux et&hellip;\n","protected":false},"author":2,"featured_media":173175,"comment_status":"","ping_status":"","sticky":false,"template":"","format":"standard","meta":{"footnotes":""},"categories":[2815],"tags":[1111,11,6557,1697,1777,674,1011,27,811,1307,1652,12,25],"class_list":{"0":"post-173174","1":"post","2":"type-post","3":"status-publish","4":"format-standard","5":"has-post-thumbnail","7":"category-lille","8":"tag-actu","9":"tag-actualites","10":"tag-bon-plan-a-lille","11":"tag-concert","12":"tag-eu","13":"tag-europe","14":"tag-fr","15":"tag-france","16":"tag-hauts-de-france","17":"tag-lille","18":"tag-loisirs-culture","19":"tag-news","20":"tag-republique-francaise"},"share_on_mastodon":{"url":"https:\/\/pubeurope.com\/@fr\/114675678159512845","error":""},"_links":{"self":[{"href":"https:\/\/www.europesays.com\/fr\/wp-json\/wp\/v2\/posts\/173174","targetHints":{"allow":["GET"]}}],"collection":[{"href":"https:\/\/www.europesays.com\/fr\/wp-json\/wp\/v2\/posts"}],"about":[{"href":"https:\/\/www.europesays.com\/fr\/wp-json\/wp\/v2\/types\/post"}],"author":[{"embeddable":true,"href":"https:\/\/www.europesays.com\/fr\/wp-json\/wp\/v2\/users\/2"}],"replies":[{"embeddable":true,"href":"https:\/\/www.europesays.com\/fr\/wp-json\/wp\/v2\/comments?post=173174"}],"version-history":[{"count":0,"href":"https:\/\/www.europesays.com\/fr\/wp-json\/wp\/v2\/posts\/173174\/revisions"}],"wp:featuredmedia":[{"embeddable":true,"href":"https:\/\/www.europesays.com\/fr\/wp-json\/wp\/v2\/media\/173175"}],"wp:attachment":[{"href":"https:\/\/www.europesays.com\/fr\/wp-json\/wp\/v2\/media?parent=173174"}],"wp:term":[{"taxonomy":"category","embeddable":true,"href":"https:\/\/www.europesays.com\/fr\/wp-json\/wp\/v2\/categories?post=173174"},{"taxonomy":"post_tag","embeddable":true,"href":"https:\/\/www.europesays.com\/fr\/wp-json\/wp\/v2\/tags?post=173174"}],"curies":[{"name":"wp","href":"https:\/\/api.w.org\/{rel}","templated":true}]}}