{"id":173179,"date":"2025-06-13T10:54:10","date_gmt":"2025-06-13T10:54:10","guid":{"rendered":"https:\/\/www.europesays.com\/fr\/173179\/"},"modified":"2025-06-13T10:54:10","modified_gmt":"2025-06-13T10:54:10","slug":"deux-hommes-blesses-au-couteau-pres-dune-station-de-metro","status":"publish","type":"post","link":"https:\/\/www.europesays.com\/fr\/173179\/","title":{"rendered":"deux hommes bless\u00e9s au couteau pr\u00e8s d\u2019une station de m\u00e9tro"},"content":{"rendered":"<p>Les deux victimes ont re\u00e7u plusieurs coups de couteau alors qu\u2019elles se trouvaient \u00e0 proximit\u00e9 de la station de m\u00e9tro G\u00e8ze. Les agresseurs, qui \u00e9taient en outre \u00e9quip\u00e9s d\u2019une arme de poing, ont pris la fuite.<\/p>\n<p class=\"fig-paragraph\">Deux hommes \u00e2g\u00e9s de 23 et 27 ans ont \u00e9t\u00e9 bless\u00e9s au\u00a0<a href=\"http:\/\/www.lefigaro.fr\/actualite-france\/portiques-interdiction-de-vente-de-couteaux-restriction-des-reseaux-sociaux-que-valent-les-pistes-evoquees-pour-endiguer-la-violence-des-mineurs-20250611\" data-fig-type=\"NewsFlash\" data-gtm-custom-categorie=\"navigation\" data-gtm-custom-action=\"crossclick\" data-gtm-custom-label=\"Contextuel\" data-gtm-event=\"customEventSPE\" data-fig-domain=\"LEFIGARO\" target=\"_blank\" rel=\"noopener\">couteau<\/a>\u00a0ce jeudi \u00e0 proximit\u00e9 d\u2019une station de m\u00e9tro \u00e0 Marseille, a appris Le Figaro d\u2019une source polici\u00e8re, confirmant une information de\u00a0<a href=\"https:\/\/www.laprovence.com\/article\/faits-divers-justice\/1198383456075715\/deux-hommes-blesses-par-arme-blanche-au-metro-geze-a-marseille-pronostic-vital-engage-pour-lune-des-victimes\" target=\"_blank\" rel=\"nofollow noopener\" data-gtm-custom-categorie=\"navigation\" data-gtm-custom-action=\"crossclick\" data-gtm-custom-label=\"Contextuel\" data-gtm-event=\"customEventSPE\">La Provence<\/a> . Les victimes ont \u00e9t\u00e9 transport\u00e9es \u00e0 l\u2019h\u00f4pital Nord.<\/p>\n<p class=\"fig-paragraph\">Selon cette source, les faits se sont produits pr\u00e8s de la station G\u00e8ze, dans les quartiers nord de la ville. Les forces de l\u2019ordre ont \u00e9t\u00e9 d\u00e9p\u00each\u00e9es sur place peu de temps apr\u00e8s l\u2019agression. Sur place, elles ont d\u00e9couvert les deux jeunes hommes bless\u00e9s \u00e0 l\u2019arme blanche pris en charge par les marins-pompiers.<\/p>\n<p>Les agresseurs en fuite<\/p>\n<p class=\"fig-paragraph\">D\u2019apr\u00e8s les images de vid\u00e9osurveillance, les victimes ont \u00e9t\u00e9 prises \u00e0 partie par deux individus \u00e9quip\u00e9s d\u2019une arme de poing et d\u2019un couteau. Des coups de feu ont \u00e9t\u00e9 entendus par des t\u00e9moins, mais aucune douille n\u2019a \u00e9t\u00e9 d\u00e9couverte sur place. Les agresseurs ont pris la fuite et \u00e9taient activement recherch\u00e9s ce jeudi. Une enqu\u00eate pour \u00abtentative d\u2019homicide volontaire\u00bb a \u00e9t\u00e9 ouverte et confi\u00e9e \u00e0 la Division de la criminalit\u00e9 territoriale (DCT).<\/p>\n","protected":false},"excerpt":{"rendered":"Les deux victimes ont re\u00e7u plusieurs coups de couteau alors qu\u2019elles se trouvaient \u00e0 proximit\u00e9 de la station&hellip;\n","protected":false},"author":2,"featured_media":173180,"comment_status":"","ping_status":"","sticky":false,"template":"","format":"standard","meta":{"footnotes":""},"categories":[2814],"tags":[1111,11,1120,14118,885,1182,1180,1181,1777,674,1011,27,1184,1185,884,12,1177,1176,149,1186,882,25,1178,1183,1179],"class_list":{"0":"post-173179","1":"post","2":"type-post","3":"status-publish","4":"format-standard","5":"has-post-thumbnail","7":"category-marseille","8":"tag-actu","9":"tag-actualites","10":"tag-agression","11":"tag-attaque-au-couteau","12":"tag-bouches-du-rhone","13":"tag-calanques","14":"tag-canebiere","15":"tag-cite-phoceenne","16":"tag-eu","17":"tag-europe","18":"tag-fr","19":"tag-france","20":"tag-la-timone","21":"tag-les-baumettes-mediterranee","22":"tag-marseille","23":"tag-news","24":"tag-notre-dame-de-la-garde","25":"tag-olympique-de-marseille","26":"tag-om","27":"tag-provence","28":"tag-provence-alpes-cote-dazur","29":"tag-republique-francaise","30":"tag-saint-charles","31":"tag-sormiou","32":"tag-vieux-port"},"share_on_mastodon":{"url":"https:\/\/pubeurope.com\/@fr\/114675690017188405","error":""},"_links":{"self":[{"href":"https:\/\/www.europesays.com\/fr\/wp-json\/wp\/v2\/posts\/173179","targetHints":{"allow":["GET"]}}],"collection":[{"href":"https:\/\/www.europesays.com\/fr\/wp-json\/wp\/v2\/posts"}],"about":[{"href":"https:\/\/www.europesays.com\/fr\/wp-json\/wp\/v2\/types\/post"}],"author":[{"embeddable":true,"href":"https:\/\/www.europesays.com\/fr\/wp-json\/wp\/v2\/users\/2"}],"replies":[{"embeddable":true,"href":"https:\/\/www.europesays.com\/fr\/wp-json\/wp\/v2\/comments?post=173179"}],"version-history":[{"count":0,"href":"https:\/\/www.europesays.com\/fr\/wp-json\/wp\/v2\/posts\/173179\/revisions"}],"wp:featuredmedia":[{"embeddable":true,"href":"https:\/\/www.europesays.com\/fr\/wp-json\/wp\/v2\/media\/173180"}],"wp:attachment":[{"href":"https:\/\/www.europesays.com\/fr\/wp-json\/wp\/v2\/media?parent=173179"}],"wp:term":[{"taxonomy":"category","embeddable":true,"href":"https:\/\/www.europesays.com\/fr\/wp-json\/wp\/v2\/categories?post=173179"},{"taxonomy":"post_tag","embeddable":true,"href":"https:\/\/www.europesays.com\/fr\/wp-json\/wp\/v2\/tags?post=173179"}],"curies":[{"name":"wp","href":"https:\/\/api.w.org\/{rel}","templated":true}]}}