{"id":173181,"date":"2025-06-13T10:55:16","date_gmt":"2025-06-13T10:55:16","guid":{"rendered":"https:\/\/www.europesays.com\/fr\/173181\/"},"modified":"2025-06-13T10:55:16","modified_gmt":"2025-06-13T10:55:16","slug":"lyon-une-femme-victime-de-violences-conjugales-retrouvee-morte-quelques-heures-plus-tard","status":"publish","type":"post","link":"https:\/\/www.europesays.com\/fr\/173181\/","title":{"rendered":"Lyon. Une femme victime de violences conjugales retrouv\u00e9e morte quelques heures plus tard"},"content":{"rendered":"<p>F\u00e9minicide ou mort naturelle\u00a0? Mercredi 11\u00a0juin au matin \u00e0 Villeurbanne, une femme a \u00e9t\u00e9 trouv\u00e9e morte chez un proche qui l\u2019h\u00e9bergeait et, d\u2019apr\u00e8s un message post\u00e9 mercredi par un groupe Facebook, elle aurait succomb\u00e9 aux coups port\u00e9s par son compagnon, qui a \u00e9t\u00e9 interpell\u00e9.<\/p>\n<p>Si cet homme a bien \u00e9t\u00e9 arr\u00eat\u00e9, il n\u2019est pas pour autant poursuivi pour meurtre, mais pour des violences conjugales commises la veille du d\u00e9c\u00e8s car, au stade actuel des investigations, le lien entre les violences et la mort de cette m\u00e8re de famille n\u2019est pas \u00e9tabli.<\/p>\n<p>  Violences conjugales<\/p>\n<p>Selon les informations du Progr\u00e8s, la police \u00e9tait intervenue la veille du d\u00e9c\u00e8s dans le 3e arrondissement de Lyon, au domicile de ce couple originaire de Centrafrique, o\u00f9 la jeune femme venait d\u2019\u00eatre victime de coups port\u00e9s par son compagnon.<\/p>\n<p>Bless\u00e9e notamment au visage, la victime a \u00e9t\u00e9 prise en charge par les pompiers et transport\u00e9e \u00e0 l\u2019h\u00f4pital \u00c9douard-Herriot \u00e0 Lyon (3e), tandis que son conjoint \u00e9tait interpell\u00e9 et plac\u00e9 en garde \u00e0 vue.<\/p>\n<p>Quelques heures plus tard, apr\u00e8s avoir re\u00e7u des soins et alors que son compagnon \u00e9tait toujours au commissariat, la victime a quitt\u00e9 l\u2019h\u00f4pital.<\/p>\n<p>Elle a \u00e9t\u00e9 h\u00e9berg\u00e9e pour la nuit par un proche habitant Villeurbanne, et c\u2019est l\u00e0 qu\u2019elle a \u00e9t\u00e9 d\u00e9couverte morte le lendemain, sans qu\u2019on connaisse les causes de son d\u00e9c\u00e8s.<\/p>\n<p>Ce contenu est bloqu\u00e9 car vous n&rsquo;avez pas accept\u00e9 les cookies et autres traceurs.<\/p>\n<p>En cliquant sur \u00ab J\u2019accepte \u00bb, les cookies et autres traceurs seront d\u00e9pos\u00e9s et vous pourrez visualiser les contenus  (<a href=\"\" class=\"consentModule_policy\" target=\"_blank\" title=\"Consulter la politique de protection des donn\u00e9es du fournisseur\">plus d&rsquo;informations<\/a>).<\/p>\n<p>En cliquant sur \u00ab J\u2019accepte tous les cookies \u00bb, vous autorisez des d\u00e9p\u00f4ts de cookies et autres traceurs pour le stockage de vos donn\u00e9es sur nos sites et applications \u00e0 des fins de personnalisation et de ciblage publicitaire.<\/p>\n<p class=\"consentModule_secondaryText\">Vous gardez la possibilit\u00e9 de retirer votre consentement \u00e0 tout moment en consultant notre <a href=\"https:\/\/www.leprogres.fr\/protection-des-donnees\" target=\"_blank\" title=\"Consulter notre politique de protection des donn\u00e9es\" rel=\"noopener\">politique de protection des donn\u00e9es<\/a>. <br \/>&#13;<br \/>\n            <a href=\"https:\/\/www.leprogres.fr\/faits-divers-justice\/2025\/06\/13\/javascript:Didomi.notice.show()\" class=\"consentModule_cmp\" target=\"_blank\" rel=\"noopener\">G\u00e9rer mes choix<\/a>&#13;\n        <\/p>\n<p>&#13;<br \/>\n                        J&rsquo;accepte&#13;<br \/>\n            J&rsquo;accepte tous les cookies&#13;\n        <\/p>\n<p>  Les causes de la mort encore inexpliqu\u00e9es<\/p>\n<p>La victime avait certes subi des violences, mais elle souffrait \u00e9galement d\u2019une pathologie cardiaque. Seule une autopsie permettra\u00a0de d\u00e9terminer la cause exacte du d\u00e9c\u00e8s et\u00a0de savoir s\u2019il existe une relation de cause \u00e0 effet avec les violences de la veille.<\/p>\n<p>\u00c0 l\u2019issue de son audition, son compagnon a \u00e9t\u00e9 d\u00e9f\u00e9r\u00e9 mercredi au tribunal judiciaire et plac\u00e9 en d\u00e9tention provisoire.<\/p>\n<p>Sollicit\u00e9 par le Progr\u00e8s, le parquet de Lyon n\u2019a pas communiqu\u00e9 sur les suites judiciaires de cette affaire et sur l\u2019enqu\u00eate ouverte apr\u00e8s la mort de la\u00a0jeune femme.<\/p>\n","protected":false},"excerpt":{"rendered":"F\u00e9minicide ou mort naturelle\u00a0? Mercredi 11\u00a0juin au matin \u00e0 Villeurbanne, une femme a \u00e9t\u00e9 trouv\u00e9e morte chez un&hellip;\n","protected":false},"author":2,"featured_media":173182,"comment_status":"","ping_status":"","sticky":false,"template":"","format":"standard","meta":{"footnotes":""},"categories":[1889],"tags":[1111,11,2430,271,272,2757,1777,674,274,107,1011,27,2428,4751,4750,12,25,2429],"class_list":{"0":"post-173181","1":"post","2":"type-post","3":"status-publish","4":"format-standard","5":"has-post-thumbnail","7":"category-lyon","8":"tag-actu","9":"tag-actualites","10":"tag-auvergne-rhone-alpes","11":"tag-crime","12":"tag-delit-et-contravention","13":"tag-edition-lyon-villeurbanne","14":"tag-eu","15":"tag-europe","16":"tag-faits-divers-justice","17":"tag-fil-info","18":"tag-fr","19":"tag-france","20":"tag-lyon","21":"tag-lyon-3e","22":"tag-lyon-3e-arrondissement","23":"tag-news","24":"tag-republique-francaise","25":"tag-rhone"},"share_on_mastodon":{"url":"https:\/\/pubeurope.com\/@fr\/114675693909062027","error":""},"_links":{"self":[{"href":"https:\/\/www.europesays.com\/fr\/wp-json\/wp\/v2\/posts\/173181","targetHints":{"allow":["GET"]}}],"collection":[{"href":"https:\/\/www.europesays.com\/fr\/wp-json\/wp\/v2\/posts"}],"about":[{"href":"https:\/\/www.europesays.com\/fr\/wp-json\/wp\/v2\/types\/post"}],"author":[{"embeddable":true,"href":"https:\/\/www.europesays.com\/fr\/wp-json\/wp\/v2\/users\/2"}],"replies":[{"embeddable":true,"href":"https:\/\/www.europesays.com\/fr\/wp-json\/wp\/v2\/comments?post=173181"}],"version-history":[{"count":0,"href":"https:\/\/www.europesays.com\/fr\/wp-json\/wp\/v2\/posts\/173181\/revisions"}],"wp:featuredmedia":[{"embeddable":true,"href":"https:\/\/www.europesays.com\/fr\/wp-json\/wp\/v2\/media\/173182"}],"wp:attachment":[{"href":"https:\/\/www.europesays.com\/fr\/wp-json\/wp\/v2\/media?parent=173181"}],"wp:term":[{"taxonomy":"category","embeddable":true,"href":"https:\/\/www.europesays.com\/fr\/wp-json\/wp\/v2\/categories?post=173181"},{"taxonomy":"post_tag","embeddable":true,"href":"https:\/\/www.europesays.com\/fr\/wp-json\/wp\/v2\/tags?post=173181"}],"curies":[{"name":"wp","href":"https:\/\/api.w.org\/{rel}","templated":true}]}}