{"id":17321,"date":"2025-04-11T12:55:11","date_gmt":"2025-04-11T12:55:11","guid":{"rendered":"https:\/\/www.europesays.com\/fr\/17321\/"},"modified":"2025-04-11T12:55:11","modified_gmt":"2025-04-11T12:55:11","slug":"au-portugal-une-maison-darchitecte-entre-fleuve-et-ocean","status":"publish","type":"post","link":"https:\/\/www.europesays.com\/fr\/17321\/","title":{"rendered":"Au Portugal, une maison d&rsquo;architecte entre fleuve et oc\u00e9an"},"content":{"rendered":"<p>Pr\u00e8s de cet axe, une ouverture triangulaire permet \u00e0 la lumi\u00e8re naturelle de p\u00e9n\u00e9trer. De plus, elle relie visuellement cet \u00e9tage au niveau sup\u00e9rieur, ouvrant la fa\u00e7ade principale vers l\u2019oc\u00e9an. Les espaces priv\u00e9s, situ\u00e9s au dernier \u00e9tage, offrent une grande intimit\u00e9 et un panorama incroyable sur la ligne d\u2019horizon de la maison.<\/p>\n<p>Les chambres offrent des vues uniques sur la mer.<\/p>\n<p>Fernando Guerra<\/p>\n<p>\u00ab Le choix concis de <a href=\"https:\/\/www.admagazine.fr\/adinspiration\/article\/cuisine-materiaux-ilot-central\" target=\"_blank\" rel=\"noopener\">mat\u00e9riaux<\/a> naturels (pierre, bois et tissus), associ\u00e9 \u00e0 une palette de tons chauds, apporte lumi\u00e8re et chaleur au projet \u00bb, expliquent les concepteurs. \u00ab Nous avons incorpor\u00e9 dans les int\u00e9rieurs les mat\u00e9riaux naturels pr\u00e9sents dans l\u2019architecture ext\u00e9rieure, tels que des murs peints avec de la peinture pigment\u00e9e \u00e0 la chaux naturelle, des bois rustiques, des tissus de lin et de coton teints \u00e0 la main et des paniers faits \u00e0 la main, ainsi que quelques objets qui symbolisent les exp\u00e9riences de la famille dans d\u2019autres pays. \u00bb<\/p>\n<p>La maison, avec son ambiance tropicale, estompe la fronti\u00e8re entre l\u2019<a href=\"https:\/\/www.admagazine.fr\/article\/astuces-decorateurs-creer-interieur-somptueux\" target=\"_blank\" rel=\"noopener\">int\u00e9rieur<\/a> et l\u2019ext\u00e9rieur. Les architectes ont cr\u00e9\u00e9 de nombreuses pi\u00e8ces sur mesure, comme les lampes au-dessus de la table \u00e0 manger, fabriqu\u00e9es \u00e0 partir de graines br\u00e9siliennes.<\/p>\n<p>Fernando Guerra<\/p>\n","protected":false},"excerpt":{"rendered":"Pr\u00e8s de cet axe, une ouverture triangulaire permet \u00e0 la lumi\u00e8re naturelle de p\u00e9n\u00e9trer. De plus, elle relie&hellip;\n","protected":false},"author":2,"featured_media":17322,"comment_status":"","ping_status":"","sticky":false,"template":"","format":"standard","meta":{"footnotes":""},"categories":[1358],"tags":[1348,1384,1385,1386,58,59,1011,27,6998,6997,6996],"class_list":{"0":"post-17321","1":"post","2":"type-post","3":"status-publish","4":"format-standard","5":"has-post-thumbnail","7":"category-arts-et-design","8":"tag-arts","9":"tag-arts-and-design","10":"tag-arts-et-design","11":"tag-design","12":"tag-divertissement","13":"tag-entertainment","14":"tag-fr","15":"tag-france","16":"tag-maison-avec-vue","17":"tag-maison-darchitecte","18":"tag-portugal"},"share_on_mastodon":{"url":"https:\/\/pubeurope.com\/@fr\/114319440193263746","error":""},"_links":{"self":[{"href":"https:\/\/www.europesays.com\/fr\/wp-json\/wp\/v2\/posts\/17321","targetHints":{"allow":["GET"]}}],"collection":[{"href":"https:\/\/www.europesays.com\/fr\/wp-json\/wp\/v2\/posts"}],"about":[{"href":"https:\/\/www.europesays.com\/fr\/wp-json\/wp\/v2\/types\/post"}],"author":[{"embeddable":true,"href":"https:\/\/www.europesays.com\/fr\/wp-json\/wp\/v2\/users\/2"}],"replies":[{"embeddable":true,"href":"https:\/\/www.europesays.com\/fr\/wp-json\/wp\/v2\/comments?post=17321"}],"version-history":[{"count":0,"href":"https:\/\/www.europesays.com\/fr\/wp-json\/wp\/v2\/posts\/17321\/revisions"}],"wp:featuredmedia":[{"embeddable":true,"href":"https:\/\/www.europesays.com\/fr\/wp-json\/wp\/v2\/media\/17322"}],"wp:attachment":[{"href":"https:\/\/www.europesays.com\/fr\/wp-json\/wp\/v2\/media?parent=17321"}],"wp:term":[{"taxonomy":"category","embeddable":true,"href":"https:\/\/www.europesays.com\/fr\/wp-json\/wp\/v2\/categories?post=17321"},{"taxonomy":"post_tag","embeddable":true,"href":"https:\/\/www.europesays.com\/fr\/wp-json\/wp\/v2\/tags?post=17321"}],"curies":[{"name":"wp","href":"https:\/\/api.w.org\/{rel}","templated":true}]}}