{"id":173211,"date":"2025-06-13T11:13:11","date_gmt":"2025-06-13T11:13:11","guid":{"rendered":"https:\/\/www.europesays.com\/fr\/173211\/"},"modified":"2025-06-13T11:13:11","modified_gmt":"2025-06-13T11:13:11","slug":"pourquoi-la-destruction-dun-su-35-russe-par-un-f-16-est-elle-consideree-comme-historique-2","status":"publish","type":"post","link":"https:\/\/www.europesays.com\/fr\/173211\/","title":{"rendered":"Pourquoi la destruction d\u2019un Su-35 russe par un F-16 est-elle consid\u00e9r\u00e9e comme \u00ab\u00a0historique\u00a0\u00bb\u00a0?"},"content":{"rendered":"<p> \u00abExcellente nouvelle\u00a0: Ce 7 juin, l\u2019arm\u00e9e de l\u2019air ukrainienne a abattu avec succ\u00e8s un <a href=\"https:\/\/www.20minutes.fr\/monde\/russie\/4113262-20241002-images-spectaculaires-avion-chasse-russe-frole-f-16-americain-airs\" class=\"color-ultramarine c-link\" rel=\"nofollow noopener\" target=\"_blank\">avion de chasse russe Su-35<\/a> en direction de <a href=\"https:\/\/www.20minutes.fr\/monde\/ukraine\/4149451-20250419-guerre-ukraine-russie-annonce-avoir-repris-quasi-totalite-region-koursk\" class=\"color-ultramarine c-link\" rel=\"nofollow noopener\" target=\"_blank\">Koursk<\/a>.\u00a0\u00bb Vid\u00e9o \u00e0 l\u2019appui, l\u2019arm\u00e9e de l\u2019air ukrainienne a annonc\u00e9 il y a quelques jours avoir abattu un chasseur-bombardier Su-35 au-dessus du territoire <a href=\"https:\/\/www.20minutes.fr\/monde\/russie\/\" class=\"color-ultramarine c-link\" rel=\"nofollow noopener\" target=\"_blank\">russe<\/a>, \u00e0 l\u2019aide d\u2019un missile AIM-120 AMRAAM, d\u2019une port\u00e9e d\u2019environ 70 kilom\u00e8tres, tir\u00e9 par un F-16 \u00ab\u00a0Viper\u00a0\u00bb ukrainien.<\/p>\n<p class=\"mb-m@xs text-l@xs\">En cliquant sur\u00ab J\u2019accepte \u00bb, vous acceptez le d\u00e9p\u00f4t de cookies par des services externes et aurez ainsi acc\u00e8s aux contenus de nos partenaires.<\/p>\n<p class=\"mb-xl@xs text-s@xs\">Plus d\u2019informations sur la page<a href=\"https:\/\/www.20minutes.fr\/gestion-cookies\" class=\"mx-xxs@xs color-ultramarine\" rel=\"nofollow noopener\" target=\"_blank\">Politique de gestion des cookies<\/a><\/p>\n<p>J\u2019accepte<\/p>\n<p>Selon l\u2019arm\u00e9e de l\u2019air ukrainienne, le F-16 de l\u2019UAF a abattu le chasseur-bombardier Su-35, surnomm\u00e9 \u00ab\u00a0Super Flanker\u00a0\u00bb au-dessus de l\u2019oblast de Koursk, en Russie. Les premiers rapports indiquent que l\u2019\u00e9quipage aurait surv\u00e9cu, <a href=\"https:\/\/www.kyivpost.com\/post\/54150\" rel=\"nofollow noopener\" target=\"_blank\" class=\"color-ultramarine c-link\">selon le Kyiv Post<\/a>.<\/p>\n<p>Avec la participation d\u2019un avion de d\u00e9tection et de contr\u00f4le su\u00e9dois\u00a0?<\/p>\n<p>En quoi cet \u00e9v\u00e9nement est-il \u00ab\u00a0historique\u00a0\u00bb, comme l\u2019affirment l\u2019arm\u00e9e et des m\u00e9dias ukrainiens\u00a0? D\u2019abord, ce serait la premi\u00e8re fois qu\u2019un F-16 abat un chasseur russe en combat a\u00e9rien. Secundo, selon plusieurs sources, il s\u2019agirait d\u2019une version \u00ab\u00a0d\u00e9class\u00e9e\u00a0\u00bb du F-16AM n\u00e9erlandais, que certains consid\u00e9raient m\u00eame comme \u00ab\u00a0d\u00e9pass\u00e9e\u00a0\u00bb.<\/p>\n<blockquote class=\"twitter-tweet\" align=\"center\" data-lang=\"fr_FR\">\n<p lang=\"en\" dir=\"ltr\"><a href=\"https:\/\/twitter.com\/hashtag\/Breaking?src=hash&amp;ref_src=twsrc%5Etfw\" rel=\"nofollow noopener\" target=\"_blank\">#Breaking<\/a>: A flurry of reports suggest that a Ukrainian F-16AM shot down a Russian Su-35 with an AMRAAM this morning. If confirmed, it would mark the first air-to-air kill by a Ukrainian Viper. More significantly, it would mean that Russia\u2019s top-tier Flanker was brought down by\u2026 <a href=\"https:\/\/t.co\/1YyuRHG2dW\" rel=\"nofollow\">pic.twitter.com\/1YyuRHG2dW<\/a><\/p>\n<p>\u2014 Air Power (@RealAirPower1) <a href=\"https:\/\/twitter.com\/RealAirPower1\/status\/1931457843284070654?ref_src=twsrc%5Etfw\" rel=\"nofollow noopener\" target=\"_blank\">June 7, 2025<\/a><\/p><\/blockquote>\n<p class=\"mb-m@xs text-l@xs\">En cliquant sur\u00ab J\u2019accepte \u00bb, vous acceptez le d\u00e9p\u00f4t de cookies par des services externes et aurez ainsi acc\u00e8s aux contenus de nos partenaires.<\/p>\n<p class=\"mb-xl@xs text-s@xs\">Plus d\u2019informations sur la page<a href=\"https:\/\/www.20minutes.fr\/gestion-cookies\" class=\"mx-xxs@xs color-ultramarine\" rel=\"nofollow noopener\" target=\"_blank\">Politique de gestion des cookies<\/a><\/p>\n<p>J\u2019accepte<\/p>\n<p>Enfin, le F-16 aurait re\u00e7u ses donn\u00e9es de ciblage de la part d\u2019un avion Saab 340 AEW &amp; C (Airborne Early Warning and Control, soit \u00ab\u00a0d\u00e9tection et contr\u00f4le pr\u00e9coces des attaques a\u00e9riennes\u00a0\u00bb). La Su\u00e8de avait en effet annonc\u00e9 il y a un an, <a href=\"https:\/\/www.opex360.com\/2024\/05\/29\/la-suede-va-donner-ses-avions-de-detection-avancee-saab-340-awc-a-lukraine\/\" rel=\"nofollow noopener\" target=\"_blank\" class=\"color-ultramarine c-link\">c\u00e9der \u00e0 l\u2019Ukraine deux de ces avions<\/a> de commandement a\u00e9roport\u00e9 et de d\u00e9tection avanc\u00e9e, pour \u00ab\u00a0renforcer sa capacit\u00e9 \u00e0 identifier et \u00e0 engager des cibles \u00e0 longue port\u00e9e\u00a0\u00bb. Equip\u00e9s du syst\u00e8me de d\u00e9tection radar a\u00e9roport\u00e9 Erieye, ils peuvent d\u00e9tecter les attaques ennemies \u00e0 une distance de plus de 450 kilom\u00e8tres, ainsi que les avions de combat et les h\u00e9licopt\u00e8res, et assister les avions de combat F-16.<\/p>\n<p><a href=\"https:\/\/www.20minutes.fr\/monde\/ukraine\/\" class=\"c-link c-btn c-btn--primary\" rel=\"nofollow noopener\" target=\"_blank\">Notre dossier sur la Guerre en Ukraine<\/a><\/p>\n<p>L\u2019information selon laquelle le Saab 340 AEW &amp; C a \u00e9t\u00e9 engag\u00e9 dans cette op\u00e9ration, n\u2019a toutefois pas \u00e9t\u00e9 confirm\u00e9e.<\/p>\n<p><script async src=\"https:\/\/platform.twitter.com\/widgets.js\" charset=\"utf-8\"><\/script><\/p>\n","protected":false},"excerpt":{"rendered":"\u00abExcellente nouvelle\u00a0: Ce 7 juin, l\u2019arm\u00e9e de l\u2019air ukrainienne a abattu avec succ\u00e8s un avion de chasse russe&hellip;\n","protected":false},"author":2,"featured_media":173212,"comment_status":"","ping_status":"","sticky":false,"template":"","format":"standard","meta":{"footnotes":""},"categories":[2],"tags":[47,11,25702,5432,1011,27,131,3343,74,12,25,132],"class_list":{"0":"post-173211","1":"post","2":"type-post","3":"status-publish","4":"format-standard","5":"has-post-thumbnail","7":"category-actualites","8":"tag-actualite","9":"tag-actualites","10":"tag-armee-de-lair","11":"tag-combat","12":"tag-fr","13":"tag-france","14":"tag-guerre-en-ukraine","15":"tag-missile","16":"tag-monde","17":"tag-news","18":"tag-republique-francaise","19":"tag-russie"},"share_on_mastodon":{"url":"https:\/\/pubeurope.com\/@fr\/114675764655051334","error":""},"_links":{"self":[{"href":"https:\/\/www.europesays.com\/fr\/wp-json\/wp\/v2\/posts\/173211","targetHints":{"allow":["GET"]}}],"collection":[{"href":"https:\/\/www.europesays.com\/fr\/wp-json\/wp\/v2\/posts"}],"about":[{"href":"https:\/\/www.europesays.com\/fr\/wp-json\/wp\/v2\/types\/post"}],"author":[{"embeddable":true,"href":"https:\/\/www.europesays.com\/fr\/wp-json\/wp\/v2\/users\/2"}],"replies":[{"embeddable":true,"href":"https:\/\/www.europesays.com\/fr\/wp-json\/wp\/v2\/comments?post=173211"}],"version-history":[{"count":0,"href":"https:\/\/www.europesays.com\/fr\/wp-json\/wp\/v2\/posts\/173211\/revisions"}],"wp:featuredmedia":[{"embeddable":true,"href":"https:\/\/www.europesays.com\/fr\/wp-json\/wp\/v2\/media\/173212"}],"wp:attachment":[{"href":"https:\/\/www.europesays.com\/fr\/wp-json\/wp\/v2\/media?parent=173211"}],"wp:term":[{"taxonomy":"category","embeddable":true,"href":"https:\/\/www.europesays.com\/fr\/wp-json\/wp\/v2\/categories?post=173211"},{"taxonomy":"post_tag","embeddable":true,"href":"https:\/\/www.europesays.com\/fr\/wp-json\/wp\/v2\/tags?post=173211"}],"curies":[{"name":"wp","href":"https:\/\/api.w.org\/{rel}","templated":true}]}}