{"id":173217,"date":"2025-06-13T11:17:09","date_gmt":"2025-06-13T11:17:09","guid":{"rendered":"https:\/\/www.europesays.com\/fr\/173217\/"},"modified":"2025-06-13T11:17:09","modified_gmt":"2025-06-13T11:17:09","slug":"deux-matchs-delocalises-en-province-la-saison-prochaine","status":"publish","type":"post","link":"https:\/\/www.europesays.com\/fr\/173217\/","title":{"rendered":"deux matchs d\u00e9localis\u00e9s en province la saison prochaine"},"content":{"rendered":"<p>Les Bleus affronteront les Fidji \u00e0 Bordeaux et l\u2019Italie \u00e0 Lille.<\/p>\n<p class=\"fig-paragraph\">La FFR a annonc\u00e9 aujourd\u2019hui que le XV de France de\u00a0<a href=\"http:\/\/www.lefigaro.fr\/sports\/rugby\/6-nations\/gagner-le-tournoi-est-un-grand-bonheur-et-un-soulagement-fabien-galthie-fixe-le-cap-pour-la-coupe-du-monde-en-australie-20250318\" data-fig-type=\"Article\" data-gtm-custom-categorie=\"navigation\" data-gtm-custom-action=\"crossclick\" data-gtm-custom-label=\"Contextuel\" data-gtm-event=\"customEventSPE\" data-fig-domain=\"LEFIGARO\" target=\"_blank\" rel=\"noopener\">Fabien Galthi\u00e9\u00a0<\/a>disputera la saison prochaine deux rencontres loin du stade de France. Le Stade Atlantique &#8211; Bordeaux M\u00e9tropole accueillera le test contre les Fidji, dans le cadre de la tourn\u00e9e d\u2019\u00e9t\u00e9, le samedi 15 novembre (21h10).<\/p>\n<p class=\"fig-paragraph\">Lors du Tournoi des six nations 2026, la rencontre France-Italie est, elle, d\u00e9localis\u00e9e au Stade Pierre Mauroy de Lille (comme en 2024). Coup d\u2019envoi le dimanche 22 f\u00e9vrier \u00e0 16h10.<\/p>\n<p class=\"fig-paragraph\">Les Bleues vont \u00e9galement \u00e9voluer \u00e0 Bordeaux,\u00a0<a href=\"https:\/\/www.lefigaro.fr\/sports\/rugby\/xv-de-france\/en-direct-angleterre-france-les-bleues-en-quete-du-tournoi-des-six-nations-20250426\" data-fig-type=\"Live\" data-gtm-custom-categorie=\"navigation\" data-gtm-custom-action=\"crossclick\" data-gtm-custom-label=\"Contextuel\" data-gtm-event=\"customEventSPE\" data-fig-domain=\"LEFIGARO\" target=\"_blank\" rel=\"noopener\">contre l\u2019Angleterre<\/a>, le samedi 17 mai 2026 (17h45) en cl\u00f4ture du Tournoi des Six Nations f\u00e9minin. \u00abOrganiser ce match du XV de France F\u00e9minin dans une enceinte de 42 000 places est un choix fort\u00a0: jamais une \u00e9quipe de France f\u00e9minine n\u2019avait jou\u00e9 dans une telle jauge sur le sol fran\u00e7ais\u00bb, souligne la FFR.<\/p>\n","protected":false},"excerpt":{"rendered":"Les Bleus affronteront les Fidji \u00e0 Bordeaux et l\u2019Italie \u00e0 Lille. La FFR a annonc\u00e9 aujourd\u2019hui que le&hellip;\n","protected":false},"author":2,"featured_media":173218,"comment_status":"","ping_status":"","sticky":false,"template":"","format":"standard","meta":{"footnotes":""},"categories":[1416],"tags":[2306,47,514,525,3984,451,64,1011,27,1922,12099,9414,1980,479,1468,2259,2307,60,13169,513],"class_list":{"0":"post-173217","1":"post","2":"type-post","3":"status-publish","4":"format-standard","5":"has-post-thumbnail","7":"category-rugby","8":"tag-6-nations","9":"tag-actualite","10":"tag-antoine-dupont","11":"tag-calendrier","12":"tag-composition","13":"tag-coupe-du-monde","14":"tag-equipe-de-france","15":"tag-fr","16":"tag-france","17":"tag-info","18":"tag-louis-bielle-biarrey","19":"tag-marcoussis","20":"tag-resultats","21":"tag-rugby","22":"tag-rugby-football","23":"tag-score","24":"tag-six-nations","25":"tag-sports","26":"tag-tournoi-des-six-nations","27":"tag-xv-de-france"},"share_on_mastodon":{"url":"https:\/\/pubeurope.com\/@fr\/114675780385375072","error":""},"_links":{"self":[{"href":"https:\/\/www.europesays.com\/fr\/wp-json\/wp\/v2\/posts\/173217","targetHints":{"allow":["GET"]}}],"collection":[{"href":"https:\/\/www.europesays.com\/fr\/wp-json\/wp\/v2\/posts"}],"about":[{"href":"https:\/\/www.europesays.com\/fr\/wp-json\/wp\/v2\/types\/post"}],"author":[{"embeddable":true,"href":"https:\/\/www.europesays.com\/fr\/wp-json\/wp\/v2\/users\/2"}],"replies":[{"embeddable":true,"href":"https:\/\/www.europesays.com\/fr\/wp-json\/wp\/v2\/comments?post=173217"}],"version-history":[{"count":0,"href":"https:\/\/www.europesays.com\/fr\/wp-json\/wp\/v2\/posts\/173217\/revisions"}],"wp:featuredmedia":[{"embeddable":true,"href":"https:\/\/www.europesays.com\/fr\/wp-json\/wp\/v2\/media\/173218"}],"wp:attachment":[{"href":"https:\/\/www.europesays.com\/fr\/wp-json\/wp\/v2\/media?parent=173217"}],"wp:term":[{"taxonomy":"category","embeddable":true,"href":"https:\/\/www.europesays.com\/fr\/wp-json\/wp\/v2\/categories?post=173217"},{"taxonomy":"post_tag","embeddable":true,"href":"https:\/\/www.europesays.com\/fr\/wp-json\/wp\/v2\/tags?post=173217"}],"curies":[{"name":"wp","href":"https:\/\/api.w.org\/{rel}","templated":true}]}}