{"id":173219,"date":"2025-06-13T11:18:09","date_gmt":"2025-06-13T11:18:09","guid":{"rendered":"https:\/\/www.europesays.com\/fr\/173219\/"},"modified":"2025-06-13T11:18:09","modified_gmt":"2025-06-13T11:18:09","slug":"atp-djokovic-je-nai-jamais-ete-aussi-aime-que-federer-et-nadal-car-je-netais-pas-cense-etre-la-jetais-le-petit-gars-le-troisieme-venu-qui-a-dit-je-vais-etre-numero-un-beaucoup-de","status":"publish","type":"post","link":"https:\/\/www.europesays.com\/fr\/173219\/","title":{"rendered":"ATP > Djokovic : \u00ab\u00a0Je n&rsquo;ai jamais \u00e9t\u00e9 aussi aim\u00e9 que Federer et Nadal, car je n&rsquo;\u00e9tais pas cens\u00e9 \u00eatre l\u00e0. J&rsquo;\u00e9tais le petit gars, le troisi\u00e8me venu qui a dit\u00a0: \u00ab\u00a0Je vais \u00eatre num\u00e9ro un\u00a0\u00bb. Beaucoup de gens n&rsquo;ont pas appr\u00e9ci\u00e9 \u00e7a\u00a0\u00bb"},"content":{"rendered":"<p>Dans un show tv en Serbie r\u00e9alis\u00e9 avant Roland\u2010Garros, Novak Djokovic s\u2019\u00e9tait livr\u00e9 au sujet de sa rela\u00adtion avec Nadal et Federer notam\u00adment quand il est arriv\u00e9 tout jeune sur le circuit. S\u2019il n\u2019a pas fait de r\u00e9v\u00e9\u00adla\u00adtions, il a quand m\u00eame rappel\u00e9 quelques v\u00e9rit\u00e9s.<\/p>\n<p>\u00ab\u202fJ\u2019agissais et je me sentais toujours comme un enfant non d\u00e9sir\u00e9. Je me deman\u00addais pour\u00adquoi. \u00c7a m\u2019a bless\u00e9. Puis j\u2019ai pens\u00e9 que les fans m\u2019ac\u00adcep\u00adte\u00adraient si j\u2019agis\u00adsais diff\u00e9\u00adrem\u00adment. Mais ce n\u2019\u00e9tait pas le cas non plus\u202f\u00bb, a\u2011t\u2010il d\u00e9clar\u00e9.<\/p>\n<\/p>\n<p><strong>\u00ab\u202fJ\u2019agissais et je me sentais toujours comme un enfant non d\u00e9sir\u00e9. Je me deman\u00addais pour\u00adquoi. \u00c7a m\u2019a bless\u00e9. Puis j\u2019ai pens\u00e9 que les fans m\u2019ac\u00adcep\u00adte\u00adraient si j\u2019agis\u00adsais diff\u00e9\u00adrem\u00adment. Mais ce n\u2019\u00e9tait pas le cas non plus.\u00a0Je n\u2019ai jamais \u00e9t\u00e9 aussi aim\u00e9 que Federer et Nadal, car je n\u2019\u00e9tais pas cens\u00e9 \u00eatre l\u00e0. J\u2019\u00e9tais le petit gars, le troi\u00adsi\u00e8me venu qui a dit\u00a0: \u00ab\u202fJe vais \u00eatre num\u00e9ro un\u202f\u00bb. Beaucoup de gens n\u2019ont pas appr\u00e9ci\u00e9 \u00e7a.\u202f\u00bb<\/strong><\/p>\n<p class=\"post-published-date\" style=\"color: silver; font-size: 75%; text-align: left;\">Publi\u00e9 le vendredi 13 juin 2025 \u00e0 09:15<\/p>\n","protected":false},"excerpt":{"rendered":"Dans un show tv en Serbie r\u00e9alis\u00e9 avant Roland\u2010Garros, Novak Djokovic s\u2019\u00e9tait livr\u00e9 au sujet de sa rela\u00adtion&hellip;\n","protected":false},"author":2,"featured_media":173220,"comment_status":"","ping_status":"","sticky":false,"template":"","format":"standard","meta":{"footnotes":""},"categories":[1415],"tags":[105,2199,1011,27,1960,60,1467],"class_list":{"0":"post-173219","1":"post","2":"type-post","3":"status-publish","4":"format-standard","5":"has-post-thumbnail","7":"category-tennis","8":"tag-djokovic","9":"tag-federer","10":"tag-fr","11":"tag-france","12":"tag-nadal","13":"tag-sports","14":"tag-tennis"},"share_on_mastodon":{"url":"https:\/\/pubeurope.com\/@fr\/114675784248984228","error":""},"_links":{"self":[{"href":"https:\/\/www.europesays.com\/fr\/wp-json\/wp\/v2\/posts\/173219","targetHints":{"allow":["GET"]}}],"collection":[{"href":"https:\/\/www.europesays.com\/fr\/wp-json\/wp\/v2\/posts"}],"about":[{"href":"https:\/\/www.europesays.com\/fr\/wp-json\/wp\/v2\/types\/post"}],"author":[{"embeddable":true,"href":"https:\/\/www.europesays.com\/fr\/wp-json\/wp\/v2\/users\/2"}],"replies":[{"embeddable":true,"href":"https:\/\/www.europesays.com\/fr\/wp-json\/wp\/v2\/comments?post=173219"}],"version-history":[{"count":0,"href":"https:\/\/www.europesays.com\/fr\/wp-json\/wp\/v2\/posts\/173219\/revisions"}],"wp:featuredmedia":[{"embeddable":true,"href":"https:\/\/www.europesays.com\/fr\/wp-json\/wp\/v2\/media\/173220"}],"wp:attachment":[{"href":"https:\/\/www.europesays.com\/fr\/wp-json\/wp\/v2\/media?parent=173219"}],"wp:term":[{"taxonomy":"category","embeddable":true,"href":"https:\/\/www.europesays.com\/fr\/wp-json\/wp\/v2\/categories?post=173219"},{"taxonomy":"post_tag","embeddable":true,"href":"https:\/\/www.europesays.com\/fr\/wp-json\/wp\/v2\/tags?post=173219"}],"curies":[{"name":"wp","href":"https:\/\/api.w.org\/{rel}","templated":true}]}}