{"id":173223,"date":"2025-06-13T11:21:12","date_gmt":"2025-06-13T11:21:12","guid":{"rendered":"https:\/\/www.europesays.com\/fr\/173223\/"},"modified":"2025-06-13T11:21:12","modified_gmt":"2025-06-13T11:21:12","slug":"on-ne-sourit-jamais-quand-on-voit-les-autres-en-difficulte","status":"publish","type":"post","link":"https:\/\/www.europesays.com\/fr\/173223\/","title":{"rendered":"On ne sourit jamais quand on voit les autres en difficult\u00e9"},"content":{"rendered":"<p><a href=\"https:\/\/fr.motorsport.com\/driver\/esteban-ocon\/95096\/\" target=\"_blank\" rel=\"noopener nofollow\">Esteban Ocon<\/a> va attaquer au Canada son dixi\u00e8me Grand Prix avec l&rsquo;\u00e9curie <a href=\"https:\/\/fr.motorsport.com\/team\/haas\/1949\/\" target=\"_blank\" rel=\"noopener nofollow\">Haas<\/a>, lui qui a rejoint la structure am\u00e9ricaine apr\u00e8s cinq saisons compl\u00e8tes comme titulaire dans le giron Renault\/<a href=\"https:\/\/fr.motorsport.com\/team\/alpine\/37490\/\" target=\"_blank\" rel=\"noopener nofollow\">Alpine<\/a>. L&rsquo;on se souvient que la fin de l&rsquo;aventure fran\u00e7aise du vainqueur du GP de Hongrie 2021 ne s&rsquo;est pas faite dans la s\u00e9r\u00e9nit\u00e9 la plus totale puisqu&rsquo;outre les anicroches avec son \u00e9quipier <a href=\"https:\/\/fr.motorsport.com\/driver\/pierre-gasly\/95098\/\" target=\"_blank\" rel=\"noopener nofollow\">Pierre Gasly<\/a> et les \u00e9changes parfois houleux avec la direction, il a \u00e9t\u00e9 contraint de c\u00e9der son baquet\u00a0pour l&rsquo;ultime course de l&rsquo;ann\u00e9e, l&rsquo;obligeant \u00e0 faire une croix sur ses adieux en piste aux femmes et hommes d&rsquo;Enstone, afin de laisser la place \u00e0 son futur rempla\u00e7ant\u00a0<a href=\"https:\/\/fr.motorsport.com\/driver\/jack-doohan\/455259\/\" target=\"_blank\" rel=\"noopener nofollow\">Jack Doohan<\/a>.<\/p>\n<p>Si l&rsquo;on s&rsquo;en tient au simple bilan comptable, le fait d&rsquo;avoir rejoint Haas est une progression par rapport \u00e0 la situation actuelle d&rsquo;Alpine. L&rsquo;\u00e9curie d&rsquo;Enstone est en effet \u00e0 la derni\u00e8re place du <a href=\"https:\/\/fr.motorsport.com\/f1\/standings\/2025\/?type=Team&amp;class=\" target=\"_self\" rel=\"noopener nofollow\">classement constructeurs<\/a>, avec 11 points, pendant que Haas est septi\u00e8me, \u00e0 la t\u00eate d&rsquo;un total de 26 unit\u00e9s. Quand il lui est demand\u00e9 s&rsquo;il a le sourire \u00e0 l&rsquo;id\u00e9e d&rsquo;avoir fait le choix de Haas en voyant Alpine en difficult\u00e9, Ocon r\u00e9pond toutefois\u00a0: \u00ab\u00a0On ne sourit jamais quand on voit les autres en difficult\u00e9.\u00a0\u00bb<\/p>\n<p>\u00ab\u00a0Pour moi, il \u00e9tait tr\u00e8s clair que je voulais venir [chez Haas]. J&rsquo;ai pris ma d\u00e9cision il y a tr\u00e8s longtemps. Il \u00e9tait \u00e9vident que nous n&rsquo;avions pas les m\u00eames objectifs avec [Alpine]. J&rsquo;avais besoin d&rsquo;un nouveau d\u00e9fi, car nous n&rsquo;allions pas pouvoir avancer ensemble. Nous n&rsquo;\u00e9tions pas d&rsquo;accord sur beaucoup de choses.\u00a0\u00bb<\/p>\n<blockquote>\n<p>Alpine aura toujours une place sp\u00e9ciale dans mon c\u0153ur [&#8230;] Bien s\u00fbr, on va effacer la fin de ma carri\u00e8re l\u00e0-bas.<\/p>\n<\/blockquote>\n<p>Comme il le sait parfaitement, puisqu&rsquo;il avait particip\u00e9 \u00e0 l&rsquo;incroyable et inattendu double podium d&rsquo;Alpine au Br\u00e9sil l&rsquo;an pass\u00e9, qui avait totalement renvers\u00e9 la situation sportive de l&rsquo;\u00e9quipe en la propulsant \u00e0 la sixi\u00e8me place chez les constructeurs alors qu&rsquo;elle semblait promise aux deux derni\u00e8res positions, Ocon se refuse \u00e0 enterrer la structure fran\u00e7aise.<\/p>\n<p>\u00ab\u00a0Ils ont \u00e9t\u00e9 rapides \u00e0 Bahre\u00efn et sur certains circuits. Ils vont \u00e9galement travailler sur eux-m\u00eames. En une course, on peut rattraper son retard. M\u00eame s&rsquo;ils sont derniers aujourd&rsquo;hui, cela ne signifie pas qu&rsquo;ils finiront \u00e0 cette place. Nous devons garder un \u0153il sur tout le monde et faire de notre mieux de notre c\u00f4t\u00e9.\u00a0\u00bb<\/p>\n<p>\u00ab\u00a0Je me sens vraiment bien [chez Haas]\u00a0\u00bb, a-t-il conclu. \u00ab\u00a0Comme je l&rsquo;ai dit, Alpine aura toujours une place sp\u00e9ciale dans mon c\u0153ur : <a href=\"https:\/\/fr.motorsport.com\/f1\/news\/trophee-plein-emotion-symboles-sacrifices-ocon\/10635844\/\" target=\"_self\" rel=\"noopener nofollow\">avec le fait d&rsquo;avoir la voiture victorieuse chez moi<\/a> et ce que nous avons accompli ensemble. Bien s\u00fbr, on va effacer la fin de ma carri\u00e8re l\u00e0-bas.\u00a0\u00bb<\/p>\n<p style=\"text-align: right;\">Propos recueillis par Ben Hunt<\/p>\n<p>Lire aussi :<\/p>\n<p>Dans cet article<\/p>\n<p>    Fabien Gaillard\n<\/p>\n<p>    Formule 1\n<\/p>\n<p>    Esteban Ocon\n<\/p>\n<p>    Haas\n<\/p>\n<p>    Alpine\n<\/p>\n<p>Soyez le premier inform\u00e9 et souscrivez aux alertes mails pour recevoir les infos en temps r\u00e9el<\/p>\n<p>    S&rsquo;abonner aux alertes de news<\/p>\n","protected":false},"excerpt":{"rendered":"Esteban Ocon va attaquer au Canada son dixi\u00e8me Grand Prix avec l&rsquo;\u00e9curie Haas, lui qui a rejoint la&hellip;\n","protected":false},"author":2,"featured_media":173224,"comment_status":"","ping_status":"","sticky":false,"template":"","format":"standard","meta":{"footnotes":""},"categories":[1412],"tags":[2674,30180,2249,1451,1452,1453,1454,1455,1011,27,30179,4443,60],"class_list":{"0":"post-173223","1":"post","2":"type-post","3":"status-publish","4":"format-standard","5":"has-post-thumbnail","7":"category-f1","8":"tag-alpine","9":"tag-circuit-gilles-villeneuve","10":"tag-esteban-ocon","11":"tag-f1","12":"tag-formula-1","13":"tag-formula1","14":"tag-formule-1","15":"tag-formule1","16":"tag-fr","17":"tag-france","18":"tag-gp-du-canada","19":"tag-haas","20":"tag-sports"},"share_on_mastodon":{"url":"https:\/\/pubeurope.com\/@fr\/114675796461998483","error":""},"_links":{"self":[{"href":"https:\/\/www.europesays.com\/fr\/wp-json\/wp\/v2\/posts\/173223","targetHints":{"allow":["GET"]}}],"collection":[{"href":"https:\/\/www.europesays.com\/fr\/wp-json\/wp\/v2\/posts"}],"about":[{"href":"https:\/\/www.europesays.com\/fr\/wp-json\/wp\/v2\/types\/post"}],"author":[{"embeddable":true,"href":"https:\/\/www.europesays.com\/fr\/wp-json\/wp\/v2\/users\/2"}],"replies":[{"embeddable":true,"href":"https:\/\/www.europesays.com\/fr\/wp-json\/wp\/v2\/comments?post=173223"}],"version-history":[{"count":0,"href":"https:\/\/www.europesays.com\/fr\/wp-json\/wp\/v2\/posts\/173223\/revisions"}],"wp:featuredmedia":[{"embeddable":true,"href":"https:\/\/www.europesays.com\/fr\/wp-json\/wp\/v2\/media\/173224"}],"wp:attachment":[{"href":"https:\/\/www.europesays.com\/fr\/wp-json\/wp\/v2\/media?parent=173223"}],"wp:term":[{"taxonomy":"category","embeddable":true,"href":"https:\/\/www.europesays.com\/fr\/wp-json\/wp\/v2\/categories?post=173223"},{"taxonomy":"post_tag","embeddable":true,"href":"https:\/\/www.europesays.com\/fr\/wp-json\/wp\/v2\/tags?post=173223"}],"curies":[{"name":"wp","href":"https:\/\/api.w.org\/{rel}","templated":true}]}}