{"id":173227,"date":"2025-06-13T11:23:11","date_gmt":"2025-06-13T11:23:11","guid":{"rendered":"https:\/\/www.europesays.com\/fr\/173227\/"},"modified":"2025-06-13T11:23:11","modified_gmt":"2025-06-13T11:23:11","slug":"mercato-officiel-alexandre-oukidja-fait-ses-adieux-au-fc-metz","status":"publish","type":"post","link":"https:\/\/www.europesays.com\/fr\/173227\/","title":{"rendered":"Mercato &#8211; Officiel : Alexandre Oukidja fait ses adieux au FC Metz"},"content":{"rendered":"<p style=\"text-align: justify;\">Cela fait partie des d\u00e9parts qui \u00e9taient pr\u00e9visibles cet \u00e9t\u00e9 mais qui n\u2019en sont pas moins importants : apr\u00e8s sept ann\u00e9es pass\u00e9es au club, entre la <strong>Ligue 2<\/strong> et la <strong>Ligue 1<\/strong>, <strong>Alexandre Oukidja<\/strong> fait officiellement ses adieux au FC <strong>Metz<\/strong> ! Le portier de 36 ans, pass\u00e9 par le RC Strasbourg et le Lille OSC a communiqu\u00e9 sur sa d\u00e9cision, \u00e0 la fin de son contrat en Moselle ce jeudi 12 juin 2025. M\u00eame s\u2019il a perdu sa place dans les cages messines au profit de Bodart et Sy, le joueur international alg\u00e9rien a disput\u00e9 16 matchs cette saison pour atteindre un total de 211 rencontres avec le FC Metz et celui des 125 matchs en Ligue 2.<\/p>\n<p>\u00c0 lire aussi &gt;&gt;\u00a0<a href=\"https:\/\/maligue2.fr\/2025\/06\/13\/ligue-2-les-decisions-de-la-dncg-concernant-lasse-le-fc-metz-et-le-pau-fc\/\" target=\"_blank\" rel=\"noopener\">Ligue 2 \u2013 Les d\u00e9cisions de la DNCG concernant l\u2019ASSE, le FC Metz et le Pau FC<\/a><\/p>\n<p><strong>Le communiqu\u00e9 d\u2019Alexandre Oukidja :<\/strong><\/p>\n<p style=\"text-align: justify;\">\u00ab Chers supporters, dirigeants, staff, et coll\u00e8gues je vous souhaite toute la r\u00e9ussite du monde. Ma page avec le FC Metz se tourne mais je resterai pour toujours un fervent supporter du FC Metz. Merci pour tout. \u00bb<\/p>\n<blockquote class=\"instagram-media\" style=\"background: #FFF; border: 0; border-radius: 3px; box-shadow: 0 0 1px 0 rgba(0,0,0,0.5),0 1px 10px 0 rgba(0,0,0,0.15); margin: 1px; max-width: 540px; min-width: 326px; padding: 0; width: calc(100% - 2px);\" data-instgrm-permalink=\"https:\/\/www.instagram.com\/reel\/DKz13xny8mF\/?utm_source=ig_embed&amp;utm_campaign=loading\" data-instgrm-version=\"14\">\n<\/blockquote>\n<p>Photo Philippe Lecoeur\/FEP\/Icon Sport<\/p>\n<p>\t\t<script async src=\"\/\/www.instagram.com\/embed.js\"><\/script><\/p>\n","protected":false},"excerpt":{"rendered":"Cela fait partie des d\u00e9parts qui \u00e9taient pr\u00e9visibles cet \u00e9t\u00e9 mais qui n\u2019en sont pas moins importants :&hellip;\n","protected":false},"author":2,"featured_media":173228,"comment_status":"","ping_status":"","sticky":false,"template":"","format":"standard","meta":{"footnotes":""},"categories":[1410],"tags":[24683,30839,63,1011,27,1307,6212,60,640],"class_list":{"0":"post-173227","1":"post","2":"type-post","3":"status-publish","4":"format-standard","5":"has-post-thumbnail","7":"category-football","8":"tag-alaune4","9":"tag-alexandre-roger-oukidja","10":"tag-football","11":"tag-fr","12":"tag-france","13":"tag-lille","14":"tag-metz","15":"tag-sports","16":"tag-strasbourg"},"share_on_mastodon":{"url":"https:\/\/pubeurope.com\/@fr\/114675804016031432","error":""},"_links":{"self":[{"href":"https:\/\/www.europesays.com\/fr\/wp-json\/wp\/v2\/posts\/173227","targetHints":{"allow":["GET"]}}],"collection":[{"href":"https:\/\/www.europesays.com\/fr\/wp-json\/wp\/v2\/posts"}],"about":[{"href":"https:\/\/www.europesays.com\/fr\/wp-json\/wp\/v2\/types\/post"}],"author":[{"embeddable":true,"href":"https:\/\/www.europesays.com\/fr\/wp-json\/wp\/v2\/users\/2"}],"replies":[{"embeddable":true,"href":"https:\/\/www.europesays.com\/fr\/wp-json\/wp\/v2\/comments?post=173227"}],"version-history":[{"count":0,"href":"https:\/\/www.europesays.com\/fr\/wp-json\/wp\/v2\/posts\/173227\/revisions"}],"wp:featuredmedia":[{"embeddable":true,"href":"https:\/\/www.europesays.com\/fr\/wp-json\/wp\/v2\/media\/173228"}],"wp:attachment":[{"href":"https:\/\/www.europesays.com\/fr\/wp-json\/wp\/v2\/media?parent=173227"}],"wp:term":[{"taxonomy":"category","embeddable":true,"href":"https:\/\/www.europesays.com\/fr\/wp-json\/wp\/v2\/categories?post=173227"},{"taxonomy":"post_tag","embeddable":true,"href":"https:\/\/www.europesays.com\/fr\/wp-json\/wp\/v2\/tags?post=173227"}],"curies":[{"name":"wp","href":"https:\/\/api.w.org\/{rel}","templated":true}]}}