{"id":173230,"date":"2025-06-13T11:25:10","date_gmt":"2025-06-13T11:25:10","guid":{"rendered":"https:\/\/www.europesays.com\/fr\/173230\/"},"modified":"2025-06-13T11:25:10","modified_gmt":"2025-06-13T11:25:10","slug":"a-royan-larchitecture-des-fifties-de-retour-en-grace-actualites","status":"publish","type":"post","link":"https:\/\/www.europesays.com\/fr\/173230\/","title":{"rendered":"\u00c0 Royan, l&rsquo;architecture des fifties de retour en gr\u00e2ce : Actualit\u00e9s"},"content":{"rendered":"<p class=\"lead \">Devant la villa Grille-Pain, une visite guid\u00e9e s&rsquo;attarde pour observer la cage d&rsquo;escalier, en arcs bleus et pav\u00e9s de verre, qui s&rsquo;incurve sur la fa\u00e7ade. Apr\u00e8s un long d\u00e9samour, la ville de Royan revendique son patrimoine des ann\u00e9es 1950, devenu tendance.<\/p>\n<p class=\"lead \">\u00ab\u00a0Il a fallu du temps pour regarder cette architecture diff\u00e9remment. Pendant des d\u00e9cennies, on ne voyait que du b\u00e9ton, donc +c&rsquo;\u00e9tait moche+\u00a0\u00bb, relate Charlotte de Charette, responsable du service du Patrimoine de la commune.<\/p>\n<p class=\"lead \">Apr\u00e8s les bombardements alli\u00e9s de 1945, la Perle de l&rsquo;Atlantique et ses villas Belle \u00c9poque sont un champ de ruines. La cit\u00e9 baln\u00e9aire doit alors \u00eatre reconstruite selon une architecture n\u00e9oclassique h\u00e9rit\u00e9e des ann\u00e9es 1930, m\u00eal\u00e9e d&rsquo;\u00e9l\u00e9ments r\u00e9gionalistes.<\/p>\n<p class=\"lead \">Mais la lecture d&rsquo;une revue sp\u00e9cialis\u00e9e, par l&rsquo;architecte-urbaniste en chef Claude Ferret et son \u00e9quipe, change la donne: ils y d\u00e9couvrent le complexe de Pampulha au Br\u00e9sil, dessin\u00e9 pour la ville de Belo Horizonte par Oscar Niemeyer, dont le modernisme tropical va nettement influencer leurs travaux.<\/p>\n<p class=\"lead \">\u00ab\u00a0La reconstruction de Royan s&rsquo;est enrichie d&rsquo;un vocabulaire lyrique et joyeux, \u00e0 l&rsquo;oppos\u00e9 de la rigueur des lignes d&rsquo;un Le Corbusier, lui-m\u00eame inspirateur de Niemeyer\u00a0\u00bb, commente Vincent Bertaud du Chazaud, ex-architecte-conseil pour la ville et auteur de plusieurs ouvrages. \u00ab\u00a0Le tropicalisme se traduit ici en h\u00e9liotropisme avec une architecture qui s&rsquo;offre au soleil et temp\u00e8re ses ardeurs.\u00a0\u00bb<\/p>\n<p class=\"lead \">Claustras, auvents, brise-soleils, persiennes et pergolas favorisent les jeux d&rsquo;ombres et de lumi\u00e8re. Pilotis, hublots, escaliers h\u00e9lico\u00efdaux, emploi de couleurs vives et autres d\u00e9tails inventifs cr\u00e9ent des effets en fa\u00e7ade.<\/p>\n<p class=\"lead \">&#8211; Prise de conscience &#8211;<\/p>\n<p class=\"lead \">Reste que cette architecture a longtemps \u00e9t\u00e9 mal aim\u00e9e. \u00ab\u00a0Pour les habitants, il \u00e9tait difficile de se projeter dans une ville aussi neuve, aussi innovante et pas bourgeoise\u00a0\u00bb, explique Pascale Francisco, directrice du Conseil d&rsquo;architecture, d&rsquo;urbanisme et de l&rsquo;environnement (CAUE) en Charente-Maritime.<\/p>\n<p class=\"lead \">Claude Ferret leur r\u00e9pondait qu&rsquo;il \u00ab\u00a0ne faisait pas Royan pour eux mais pour leurs enfants\u00a0\u00bb. Mais personne ne s&rsquo;\u00e9meut, en 1985, quand son casino, chef d&rsquo;\u0153uvre des fifties, est d\u00e9truit pour laisser la place \u00e0 un projet immobilier&#8230; jamais r\u00e9alis\u00e9. \u00ab\u00a0Comme au spectacle, on regardait la grue faire table rase\u00a0\u00bb du pass\u00e9, se rem\u00e9more l&rsquo;adjointe \u00e0 la Culture, Nadine David.<\/p>\n<p class=\"lead \">Cette destruction entra\u00eene cependant une prise de conscience de la valeur de ce patrimoine, qui conduit \u00e0 prot\u00e9ger notamment l&rsquo;\u00e9glise Notre-Dame, \u00e9difice de b\u00e9ton brut class\u00e9 aux Monuments historiques en 1988.<\/p>\n<p class=\"lead \">En 1996, une Zone de protection du patrimoine architectural urbain et paysager (ZPPAUP) est cr\u00e9\u00e9e, transform\u00e9e en Site patrimonial remarquable (SPR) vingt ans plus tard, et la municipalit\u00e9 obtient le label Ville d&rsquo;Art et d&rsquo;Histoire en 2011.<\/p>\n<p class=\"lead \">Fi\u00e8re de son identit\u00e9, Royan revendique d\u00e9sormais pleinement son h\u00e9ritage.<\/p>\n<p class=\"lead \">Elle a r\u00e9nov\u00e9 plusieurs b\u00e2timents embl\u00e9matiques, dont sa \u00ab\u00a0cath\u00e9drale de b\u00e9ton\u00a0\u00bb, ainsi surnomm\u00e9e par Andr\u00e9 Malraux, victime de la carbonatation de son b\u00e9ton brut de d\u00e9coffrage: le sel du sable marin utilis\u00e9 pour la construire fait rouiller les armatures m\u00e9talliques et \u00e9clater la pierre. Le palais des congr\u00e8s a aussi d\u00e9j\u00e0 b\u00e9n\u00e9fici\u00e9 d&rsquo;une r\u00e9novation et celle du front de mer est en cours.<\/p>\n<p class=\"lead \">&#8211; Unique &#8211;<\/p>\n<p class=\"lead \">\u00ab\u00a0Ces architectes, proches des Beaux-Arts, avaient une grande libert\u00e9 et allaient vite. Ce serait compliqu\u00e9 aujourd&rsquo;hui, notamment pour des questions d&rsquo;assurance\u00a0\u00bb, juge l&rsquo;architecte J\u00e9r\u00e9my Nadau, qui fut charg\u00e9 de redonner au march\u00e9 de la ville son lustre d&rsquo;antan et sa luminosit\u00e9.<\/p>\n<p class=\"lead \">Pour Sandu Hangan, architecte en chef des B\u00e2timents de France dans le d\u00e9partement, ce travail de valorisation a permis aux habitants \u00ab\u00a0de se rendre compte du caract\u00e8re unique de leur patrimoine\u00a0\u00bb.<\/p>\n<p class=\"lead \">Si les propri\u00e9taires de maisons individuelles sont souvent en qu\u00eate de meilleurs performances \u00e9nerg\u00e9tiques ou d&rsquo;am\u00e9nagement, l&rsquo;\u00e9poque n&rsquo;est plus \u00e0 tout casser. \u00ab\u00a0On n&rsquo;a plus beaucoup de probl\u00e8mes \u00e0 faire entendre l&rsquo;int\u00e9r\u00eat que ces b\u00e2timents pr\u00e9sentent\u00a0\u00bb, estime le responsable administratif.<\/p>\n<p class=\"lead \">Face \u00e0 l&rsquo;arriv\u00e9e de nouveaux habitants, leur pr\u00e9servation reste toutefois un \u00ab\u00a0combat de tous les instants\u00a0\u00bb, nuance Pascale Francisco.<\/p>\n<p class=\"lead \">\u00ab\u00a0Il faut re-sensibiliser en permanence, expliquer pourquoi il faut r\u00e9nover le portillon, les garde-corps, le portail des ann\u00e9es 1950 avec un artisan, plut\u00f4t que d&rsquo;installer le mod\u00e8le en PVC d&rsquo;une enseigne de bricolage. La ville n&rsquo;est pas standard, l&rsquo;id\u00e9e c&rsquo;est de la conserver ainsi\u00a0\u00bb, souligne la directrice du CAUE 17&#8230; admettant que c&rsquo;est aussi \u00ab\u00a0une affaire de go\u00fbt\u00a0\u00bb.<\/p>\n<p class=\"small font-weight-bold text-gray3 \"> publi\u00e9 le 13 juin \u00e0 12h35, AFP<\/p>\n<p>                             Partager<\/p>\n","protected":false},"excerpt":{"rendered":"Devant la villa Grille-Pain, une visite guid\u00e9e s&rsquo;attarde pour observer la cage d&rsquo;escalier, en arcs bleus et pav\u00e9s&hellip;\n","protected":false},"author":2,"featured_media":173231,"comment_status":"","ping_status":"","sticky":false,"template":"","format":"standard","meta":{"footnotes":""},"categories":[1358],"tags":[1350,1348,1384,1385,1386,58,59,1011,27,1146,937,2551,1352],"class_list":{"0":"post-173230","1":"post","2":"type-post","3":"status-publish","4":"format-standard","5":"has-post-thumbnail","7":"category-arts-et-design","8":"tag-architecture","9":"tag-arts","10":"tag-arts-and-design","11":"tag-arts-et-design","12":"tag-design","13":"tag-divertissement","14":"tag-entertainment","15":"tag-fr","16":"tag-france","17":"tag-guerre","18":"tag-histoire","19":"tag-patrimoine","20":"tag-urbanisme"},"share_on_mastodon":{"url":"https:\/\/pubeurope.com\/@fr\/114675811832023178","error":""},"_links":{"self":[{"href":"https:\/\/www.europesays.com\/fr\/wp-json\/wp\/v2\/posts\/173230","targetHints":{"allow":["GET"]}}],"collection":[{"href":"https:\/\/www.europesays.com\/fr\/wp-json\/wp\/v2\/posts"}],"about":[{"href":"https:\/\/www.europesays.com\/fr\/wp-json\/wp\/v2\/types\/post"}],"author":[{"embeddable":true,"href":"https:\/\/www.europesays.com\/fr\/wp-json\/wp\/v2\/users\/2"}],"replies":[{"embeddable":true,"href":"https:\/\/www.europesays.com\/fr\/wp-json\/wp\/v2\/comments?post=173230"}],"version-history":[{"count":0,"href":"https:\/\/www.europesays.com\/fr\/wp-json\/wp\/v2\/posts\/173230\/revisions"}],"wp:featuredmedia":[{"embeddable":true,"href":"https:\/\/www.europesays.com\/fr\/wp-json\/wp\/v2\/media\/173231"}],"wp:attachment":[{"href":"https:\/\/www.europesays.com\/fr\/wp-json\/wp\/v2\/media?parent=173230"}],"wp:term":[{"taxonomy":"category","embeddable":true,"href":"https:\/\/www.europesays.com\/fr\/wp-json\/wp\/v2\/categories?post=173230"},{"taxonomy":"post_tag","embeddable":true,"href":"https:\/\/www.europesays.com\/fr\/wp-json\/wp\/v2\/tags?post=173230"}],"curies":[{"name":"wp","href":"https:\/\/api.w.org\/{rel}","templated":true}]}}