{"id":173235,"date":"2025-06-13T11:28:13","date_gmt":"2025-06-13T11:28:13","guid":{"rendered":"https:\/\/www.europesays.com\/fr\/173235\/"},"modified":"2025-06-13T11:28:13","modified_gmt":"2025-06-13T11:28:13","slug":"joe-dassin-ses-fils-jonathan-et-julien-ont-coupe-les-ponts","status":"publish","type":"post","link":"https:\/\/www.europesays.com\/fr\/173235\/","title":{"rendered":"Joe Dassin : ses fils Jonathan et Julien ont coup\u00e9 les ponts"},"content":{"rendered":"<p>Le 20 ao\u00fbt 1980, <strong>Joe Dassin meurt \u00e0 l\u2019\u00e2ge de 41<br \/>\nans.<\/strong> Le chanteur tr\u00e8s appr\u00e9ci\u00e9 par les Fran\u00e7ais laisse<br \/>\nalors derri\u00e8re lui <a href=\"https:\/\/www.closermag.fr\/people\/joe-dassin-son-fils-julien-retablit-la-verite-sur-le-couple-forme-par-ses-parents-rare-confidence-sur-sa-mere-3549509\" rel=\"nofollow noopener\" target=\"_blank\"><br \/>\ndeux fils, Jonathan et Julien.<\/a> Ces derniers ont d\u00e9cid\u00e9 de<br \/>\nsuivre les traces de leur p\u00e8re. L\u2019a\u00een\u00e9 est devenu chanteur et aime<br \/>\nreprendre les chansons c\u00e9l\u00e8bres de son papa. Julien produit des<br \/>\nspectacles en l\u2019honneur de la m\u00e9moire de Joe Dassin.<\/p>\n<p>Mais apparemment, les deux frangins vivent leur vie chacun de<br \/>\nleur c\u00f4t\u00e9. Pour nos confr\u00e8res du Figaro, le <a href=\"https:\/\/www.closermag.fr\/people\/joe-dassin-son-fils-jonathan-sans-filtre-sur-ses-grosses-rentrees-dargent-je-touche-3552600\" rel=\"nofollow noopener\" target=\"_blank\"><br \/>\nfils a\u00een\u00e9 du chanteur<\/a> indique avoir entendu parler de son fr\u00e8re<br \/>\nlorsqu\u2019il a sorti son livre, Il \u00e9tait une fois nous deux, Joe<br \/>\nDassin mon p\u00e8re, publi\u00e9 aux \u00e9ditions de L\u2019Archipel.\u00a0<\/p>\n<p>Les fils de Joe Dassin ne se parlent plus et ne parviennent pas<br \/>\n\u00e0 \u00e9changer<\/p>\n<p>Pour le quotidien, il fait alors des confidences tr\u00e8s \u00e9tonnantes<br \/>\n: \u00ab\u00a0J\u2019ai d\u00e9couvert son livre par hasard lorsque l\u2019\u00e9diteur nous a<br \/>\nconfondus\u00a0\u00bb, explique-t-il. \u201c\u00c0 deux, on serait plus fort.<br \/>\n<strong>Nous n\u2019avons pas r\u00e9sist\u00e9 de la m\u00eame fa\u00e7on aux<br \/>\nintemp\u00e9ries\u201d.<\/strong> Ainsi, ils ne leur arrivent jamais de<br \/>\nse recueillir ensemble sur la tombe de leur p\u00e8re. Une situation<br \/>\nbien difficile \u00e0 vivre.<\/p>\n<p>Invit\u00e9 sur les ondes de RTL, <a href=\"https:\/\/www.closermag.fr\/people\/joe-dassin-ce-bien-a-tahiti-dont-ses-fils-ont-herite-3552845\" rel=\"nofollow noopener\" target=\"_blank\"><br \/>\nJulien Dassin<\/a> est aussi revenu sur l\u2019image qu\u2019il a eu de son<br \/>\npapa, lui qui est d\u00e9c\u00e9d\u00e9 alors qu\u2019il n\u2019\u00e9tait \u00e2g\u00e9 que de quelques<br \/>\nmois : <strong>\u00ab\u00a0Je n\u00a0\u00bbai jamais pu appeler mon p\u00e8re<br \/>\n&lsquo;Papa'\u00a0\u00bb<\/strong>, regrette-t-il.\u00a0<\/p>\n<p>Julien Dassin se confie sur son<br \/>\nenfance, lui qui a perdu son p\u00e8re, lorsqu&rsquo;il avait cinq mois<\/p>\n<p>Et pour Julien Dassin, son nom de famille a parfois \u00e9t\u00e9 dur \u00e0<br \/>\nporter : \u00ab\u00a0Quand on le porte, on se doit d&rsquo;\u00eatre au moins \u00e0 la<br \/>\nhauteur. Parce que tout le monde vous observe, vous compare\u00a0\u00bb.<br \/>\nToutefois, il est conscient que son h\u00e9ritage artistique est bel et<br \/>\nbien pr\u00e9sent : \u00ab\u00a0On a quelque chose \u00e0 faire perdurer et \u00e0<br \/>\nrespecter. Ce nom est tellement puissant, il est au-dessus de<br \/>\nplusieurs g\u00e9n\u00e9rations\u00a0\u00bb, d\u00e9voile-t-il.<\/p>\n<p>Et c\u2019est en pratiquant le m\u00eame Art que son p\u00e8re, que Julien<br \/>\nDassin a pu se rapprocher de son p\u00e8re : \u00ab\u00a0La musique m&rsquo;a<br \/>\nrattrap\u00e9 tr\u00e8s vite (&#8230;) <strong>Je fais le tour du monde avec ses<br \/>\nchansons.<\/strong> Je partage mon p\u00e8re avec le public, il n&rsquo;est pas<br \/>\nqu&rsquo;\u00e0 moi. Les gens cherchent forc\u00e9ment des comparaisons alors qu&rsquo;il<br \/>\nn&rsquo;y a pas de comparaison \u00e0 faire\u00a0\u00bb, dit-il.<\/p>\n","protected":false},"excerpt":{"rendered":"Le 20 ao\u00fbt 1980, Joe Dassin meurt \u00e0 l\u2019\u00e2ge de 41 ans. Le chanteur tr\u00e8s appr\u00e9ci\u00e9 par les&hellip;\n","protected":false},"author":2,"featured_media":173236,"comment_status":"","ping_status":"","sticky":false,"template":"","format":"standard","meta":{"footnotes":""},"categories":[1355],"tags":[548,58,59,1011,27,23574,29579,1361,873],"class_list":{"0":"post-173235","1":"post","2":"type-post","3":"status-publish","4":"format-standard","5":"has-post-thumbnail","7":"category-musique","8":"tag-article-simple","9":"tag-divertissement","10":"tag-entertainment","11":"tag-fr","12":"tag-france","13":"tag-joe-dassin","14":"tag-jonathan-dassin","15":"tag-music","16":"tag-musique"},"share_on_mastodon":{"url":"https:\/\/pubeurope.com\/@fr\/114675823657245316","error":""},"_links":{"self":[{"href":"https:\/\/www.europesays.com\/fr\/wp-json\/wp\/v2\/posts\/173235","targetHints":{"allow":["GET"]}}],"collection":[{"href":"https:\/\/www.europesays.com\/fr\/wp-json\/wp\/v2\/posts"}],"about":[{"href":"https:\/\/www.europesays.com\/fr\/wp-json\/wp\/v2\/types\/post"}],"author":[{"embeddable":true,"href":"https:\/\/www.europesays.com\/fr\/wp-json\/wp\/v2\/users\/2"}],"replies":[{"embeddable":true,"href":"https:\/\/www.europesays.com\/fr\/wp-json\/wp\/v2\/comments?post=173235"}],"version-history":[{"count":0,"href":"https:\/\/www.europesays.com\/fr\/wp-json\/wp\/v2\/posts\/173235\/revisions"}],"wp:featuredmedia":[{"embeddable":true,"href":"https:\/\/www.europesays.com\/fr\/wp-json\/wp\/v2\/media\/173236"}],"wp:attachment":[{"href":"https:\/\/www.europesays.com\/fr\/wp-json\/wp\/v2\/media?parent=173235"}],"wp:term":[{"taxonomy":"category","embeddable":true,"href":"https:\/\/www.europesays.com\/fr\/wp-json\/wp\/v2\/categories?post=173235"},{"taxonomy":"post_tag","embeddable":true,"href":"https:\/\/www.europesays.com\/fr\/wp-json\/wp\/v2\/tags?post=173235"}],"curies":[{"name":"wp","href":"https:\/\/api.w.org\/{rel}","templated":true}]}}