{"id":17325,"date":"2025-04-11T12:57:15","date_gmt":"2025-04-11T12:57:15","guid":{"rendered":"https:\/\/www.europesays.com\/fr\/17325\/"},"modified":"2025-04-11T12:57:15","modified_gmt":"2025-04-11T12:57:15","slug":"laventure-se-poursuit-ce-samedi-sur-tf1-pour-le-savoyard-leo-goupil-coache-par-zaz","status":"publish","type":"post","link":"https:\/\/www.europesays.com\/fr\/17325\/","title":{"rendered":"l\u2019aventure se poursuit ce samedi sur TF1 pour le Savoyard L\u00e9o Goupil, coach\u00e9 par Zaz"},"content":{"rendered":"<p>Samedi 12\u00a0avril, <a href=\"https:\/\/www.ledauphine.com\/culture-loisirs\/2025\/02\/13\/le-savoyard-leo-goupil-va-tenter-de-seduire-le-jury-de-the-voice-sur-tf1-samedi\" target=\"_blank\" rel=\"noopener\">L\u00e9o Goupil, benjamin de The Voice<\/a>, participera \u00e0 la nouvelle \u00e9tape de l&rsquo;\u00e9mission musicale de TF1, celle des \u00ab \u00a0groupes\u00a0 \u00bb pour tenter de d\u00e9crocher sa place pour les battles. L\u00e9o, 17 ans, \u00e9l\u00e8ve du lyc\u00e9e Louis Armand \u00e0 Chamb\u00e9ry, habite Montagnole. Il fait partie de l&rsquo;\u00e9quipe de Zaz, seule coach \u00e0 s&rsquo;\u00eatre retourn\u00e9e lors des auditions \u00e0 l&rsquo;aveugle du 15\u00a0f\u00e9vrier apr\u00e8s son interpr\u00e9tation de la chanson \u00ab Pas eu le temps \u00bb de <a href=\"https:\/\/www.ledauphine.com\/p\/patrick-bruel\" target=\"_blank\" rel=\"noopener\">Patrick Bruel<\/a>. Lors de cette \u00e9preuve, les talents devront relever le d\u00e9fi de performer ensemble sur une m\u00eame chanson, avec des mises en sc\u00e8nes imagin\u00e9es et \u00e9labor\u00e9es par chacun des coachs. \u00ab \u00a0Nous sommes 16 dans l&rsquo;\u00e9quipe de Zaz r\u00e9partis en 4 groupes de 4. Apr\u00e8s le passage des 4 groupes, nous serons 6 \u00e0 continuer l&rsquo;aventure. Nous avons eu, avec les 3 autres talents, deux sessions de r\u00e9p\u00e9titions avec Zaz\u00a0; une aventure incroyable qui cr\u00e9e du lien\u00a0 \u00bb souligne L\u00e9o. \u00ab\u00a0Quant \u00e0 Vianney,<a href=\"https:\/\/www.ledauphine.com\/insolite\/2025\/02\/16\/debuts-de-reve-pour-leo-goupil-a-the-voice\" target=\"_blank\" rel=\"noopener\"> il a tenu sa promesse<\/a> et m&rsquo;a offert la m\u00eame guitare que lui , c&rsquo;est juste incroyable\u00a0\u00bb.<\/p>\n<p>C\u2019est d\u00e9sormais le dernier savoyard encore en lice, puisque Etienne Perrier, chanteur chamb\u00e9rien, n\u2019a pas \u00e9t\u00e9 retenu \u00e0 l\u2019issue de l\u2019\u00e9preuve des \u00ab groupes \u00bb samedi 5 avril.<\/p>\n","protected":false},"excerpt":{"rendered":"Samedi 12\u00a0avril, L\u00e9o Goupil, benjamin de The Voice, participera \u00e0 la nouvelle \u00e9tape de l&rsquo;\u00e9mission musicale de TF1,&hellip;\n","protected":false},"author":2,"featured_media":17326,"comment_status":"","ping_status":"","sticky":false,"template":"","format":"standard","meta":{"footnotes":""},"categories":[1356],"tags":[7002,7004,5509,1687,58,7001,7003,59,1011,27,7000,6999,5508,252,1364],"class_list":{"0":"post-17325","1":"post","2":"type-post","3":"status-publish","4":"format-standard","5":"has-post-thumbnail","7":"category-television","8":"tag-aix-les-bains","9":"tag-albertville","10":"tag-chambery","11":"tag-culture-loisirs","12":"tag-divertissement","13":"tag-edition-chambery-aix-les-bains","14":"tag-edition-tarentaise-maurienne","15":"tag-entertainment","16":"tag-fr","17":"tag-france","18":"tag-lagglomeration","19":"tag-montagnole","20":"tag-savoie","21":"tag-television","22":"tag-tv"},"share_on_mastodon":{"url":"https:\/\/pubeurope.com\/@fr\/114319448002715728","error":""},"_links":{"self":[{"href":"https:\/\/www.europesays.com\/fr\/wp-json\/wp\/v2\/posts\/17325","targetHints":{"allow":["GET"]}}],"collection":[{"href":"https:\/\/www.europesays.com\/fr\/wp-json\/wp\/v2\/posts"}],"about":[{"href":"https:\/\/www.europesays.com\/fr\/wp-json\/wp\/v2\/types\/post"}],"author":[{"embeddable":true,"href":"https:\/\/www.europesays.com\/fr\/wp-json\/wp\/v2\/users\/2"}],"replies":[{"embeddable":true,"href":"https:\/\/www.europesays.com\/fr\/wp-json\/wp\/v2\/comments?post=17325"}],"version-history":[{"count":0,"href":"https:\/\/www.europesays.com\/fr\/wp-json\/wp\/v2\/posts\/17325\/revisions"}],"wp:featuredmedia":[{"embeddable":true,"href":"https:\/\/www.europesays.com\/fr\/wp-json\/wp\/v2\/media\/17326"}],"wp:attachment":[{"href":"https:\/\/www.europesays.com\/fr\/wp-json\/wp\/v2\/media?parent=17325"}],"wp:term":[{"taxonomy":"category","embeddable":true,"href":"https:\/\/www.europesays.com\/fr\/wp-json\/wp\/v2\/categories?post=17325"},{"taxonomy":"post_tag","embeddable":true,"href":"https:\/\/www.europesays.com\/fr\/wp-json\/wp\/v2\/tags?post=17325"}],"curies":[{"name":"wp","href":"https:\/\/api.w.org\/{rel}","templated":true}]}}