{"id":173257,"date":"2025-06-13T11:39:13","date_gmt":"2025-06-13T11:39:13","guid":{"rendered":"https:\/\/www.europesays.com\/fr\/173257\/"},"modified":"2025-06-13T11:39:13","modified_gmt":"2025-06-13T11:39:13","slug":"saint-etienne-pourquoi-des-creches-et-la-piscine-raymond-sommet-sont-fermes-aujourdhui","status":"publish","type":"post","link":"https:\/\/www.europesays.com\/fr\/173257\/","title":{"rendered":"Saint-\u00c9tienne. Pourquoi des cr\u00e8ches et la piscine Raymond-Sommet sont ferm\u00e9s aujourd\u2019hui"},"content":{"rendered":"<p>Depuis 7\u00a0h\u00a030 ce matin, les marches de l\u2019H\u00f4tel-de-Ville sont le th\u00e9\u00e2tre de la grogne des agents de la ville de Saint-\u00c9tienne.<\/p>\n<p>\u00c0 9\u00a0h\u00a030, pr\u00e8s de 400 agents des cr\u00e8ches, Ehpad, piscines, service propret\u00e9\u2026 sont venus soutenir la d\u00e9l\u00e9gation CGT des Territoriaux venus rencontrer le maire, Ga\u00ebl Perdriau, dans le cadre de n\u00e9gociations autour des salaires, conditions de travail et surtout l\u2019alignement des r\u00e9mun\u00e9rations entre les agents de la Ville et ceux de la M\u00e9tropole.<\/p>\n<p>En cons\u00e9quence, certains services municipaux ont \u00e9t\u00e9 fortement perturb\u00e9s. Une des trois piscines municipales, celle de Raymond-Sommet, est ferm\u00e9e toute la journ\u00e9e. Sur les onze cr\u00e8ches de la ville, trois sont ferm\u00e9es ce vendredi, les huit autres sont perturb\u00e9es.<\/p>\n<p>L\u2019organisation des repas dans les cantines scolaires est \u00e9galement boulevers\u00e9e par ce mouvement social.<\/p>\n","protected":false},"excerpt":{"rendered":"Depuis 7\u00a0h\u00a030 ce matin, les marches de l\u2019H\u00f4tel-de-Ville sont le th\u00e9\u00e2tre de la grogne des agents de la&hellip;\n","protected":false},"author":2,"featured_media":173258,"comment_status":"","ping_status":"","sticky":false,"template":"","format":"standard","meta":{"footnotes":""},"categories":[9653],"tags":[1111,11,2430,4406,9671,33,7539,1777,674,1011,27,12,25,4001,7538,801],"class_list":{"0":"post-173257","1":"post","2":"type-post","3":"status-publish","4":"format-standard","5":"has-post-thumbnail","7":"category-saint-etienne","8":"tag-actu","9":"tag-actualites","10":"tag-auvergne-rhone-alpes","11":"tag-commerce-et-services","12":"tag-conflit-social","13":"tag-economie","14":"tag-edition-loire-sud","15":"tag-eu","16":"tag-europe","17":"tag-fr","18":"tag-france","19":"tag-news","20":"tag-republique-francaise","21":"tag-saint-etienne","22":"tag-saint-etienne-ville","23":"tag-social"},"share_on_mastodon":{"url":"https:\/\/pubeurope.com\/@fr\/114675866862160001","error":""},"_links":{"self":[{"href":"https:\/\/www.europesays.com\/fr\/wp-json\/wp\/v2\/posts\/173257","targetHints":{"allow":["GET"]}}],"collection":[{"href":"https:\/\/www.europesays.com\/fr\/wp-json\/wp\/v2\/posts"}],"about":[{"href":"https:\/\/www.europesays.com\/fr\/wp-json\/wp\/v2\/types\/post"}],"author":[{"embeddable":true,"href":"https:\/\/www.europesays.com\/fr\/wp-json\/wp\/v2\/users\/2"}],"replies":[{"embeddable":true,"href":"https:\/\/www.europesays.com\/fr\/wp-json\/wp\/v2\/comments?post=173257"}],"version-history":[{"count":0,"href":"https:\/\/www.europesays.com\/fr\/wp-json\/wp\/v2\/posts\/173257\/revisions"}],"wp:featuredmedia":[{"embeddable":true,"href":"https:\/\/www.europesays.com\/fr\/wp-json\/wp\/v2\/media\/173258"}],"wp:attachment":[{"href":"https:\/\/www.europesays.com\/fr\/wp-json\/wp\/v2\/media?parent=173257"}],"wp:term":[{"taxonomy":"category","embeddable":true,"href":"https:\/\/www.europesays.com\/fr\/wp-json\/wp\/v2\/categories?post=173257"},{"taxonomy":"post_tag","embeddable":true,"href":"https:\/\/www.europesays.com\/fr\/wp-json\/wp\/v2\/tags?post=173257"}],"curies":[{"name":"wp","href":"https:\/\/api.w.org\/{rel}","templated":true}]}}