{"id":173269,"date":"2025-06-13T11:45:10","date_gmt":"2025-06-13T11:45:10","guid":{"rendered":"https:\/\/www.europesays.com\/fr\/173269\/"},"modified":"2025-06-13T11:45:10","modified_gmt":"2025-06-13T11:45:10","slug":"decouverte-du-corps-dun-homme-tue-dune-balle-dans-le-coeur","status":"publish","type":"post","link":"https:\/\/www.europesays.com\/fr\/173269\/","title":{"rendered":"d\u00e9couverte du corps d&rsquo;un homme tu\u00e9 d&rsquo;une balle dans le c\u0153ur"},"content":{"rendered":"<p class=\"fig-paragraph\">Le corps sans vie d&rsquo;un homme jeune a \u00e9t\u00e9 d\u00e9couvert dans la nuit de jeudi \u00e0 vendredi par un passant sur les berges du Lez, un endroit isol\u00e9 situ\u00e9 non loin de l&rsquo;H\u00f4tel de ville de\u00a0<a href=\"http:\/\/www.lefigaro.fr\/flash-actu\/montpellier-un-incendie-volontaire-de-l-aeroport-detruit-plusieurs-avions-d-une-ecole-de-pilotage-20250521\" target=\"_blank\" data-fig-type=\"NewsFlash\" rel=\"noopener\" data-gtm-custom-categorie=\"navigation\" data-gtm-custom-action=\"crossclick\" data-gtm-custom-label=\"Contextuel\" data-gtm-event=\"customEventSPE\" data-fig-domain=\"LEFIGARO\">Montpellier<\/a>, a indiqu\u00e9 le parquet.<\/p>\n<p class=\"fig-paragraph\">\u00abLe corps pr\u00e9sentait une plaie par balle au niveau du c\u0153ur. La personne d\u00e9c\u00e9d\u00e9e \u00e9tait d\u00e9munie de tout objet permettant son identification\u00bb, a pr\u00e9cis\u00e9 \u00e0 l&rsquo;AFP le procureur de la R\u00e9publique de Montpellier, Fabrice B\u00e9largent.<\/p>\n<p class=\"fig-paragraph\">Selon une source polici\u00e8re, aucune douille n&rsquo;a \u00e9t\u00e9 retrouv\u00e9e \u00e0 proximit\u00e9 du corps et les images de la vid\u00e9o surveillance sont \u00abinexploitables\u00bb. La police judiciaire a \u00e9t\u00e9 saisie de l&rsquo;enqu\u00eate, a pr\u00e9cis\u00e9 le procureur.<\/p>\n","protected":false},"excerpt":{"rendered":"Le corps sans vie d&rsquo;un homme jeune a \u00e9t\u00e9 d\u00e9couvert dans la nuit de jeudi \u00e0 vendredi par&hellip;\n","protected":false},"author":2,"featured_media":173270,"comment_status":"","ping_status":"","sticky":false,"template":"","format":"standard","meta":{"footnotes":""},"categories":[9599],"tags":[1111,47,11,5141,1109,1112,1777,674,118,1108,107,1106,1107,1011,27,1110,1114,14,2208,12,1113,2680,316,25],"class_list":{"0":"post-173269","1":"post","2":"type-post","3":"status-publish","4":"format-standard","5":"has-post-thumbnail","7":"category-montpellier","8":"tag-actu","9":"tag-actualite","10":"tag-actualites","11":"tag-arme-a-feu","12":"tag-breves","13":"tag-depeches","14":"tag-eu","15":"tag-europe","16":"tag-faits-divers","17":"tag-fil","18":"tag-fil-info","19":"tag-flash","20":"tag-flash-actu","21":"tag-fr","22":"tag-france","23":"tag-informations","24":"tag-infos","25":"tag-international","26":"tag-montpellier","27":"tag-news","28":"tag-nouvelles","29":"tag-occitanie","30":"tag-politique","31":"tag-republique-francaise"},"share_on_mastodon":{"url":"https:\/\/pubeurope.com\/@fr\/114675890697432177","error":""},"_links":{"self":[{"href":"https:\/\/www.europesays.com\/fr\/wp-json\/wp\/v2\/posts\/173269","targetHints":{"allow":["GET"]}}],"collection":[{"href":"https:\/\/www.europesays.com\/fr\/wp-json\/wp\/v2\/posts"}],"about":[{"href":"https:\/\/www.europesays.com\/fr\/wp-json\/wp\/v2\/types\/post"}],"author":[{"embeddable":true,"href":"https:\/\/www.europesays.com\/fr\/wp-json\/wp\/v2\/users\/2"}],"replies":[{"embeddable":true,"href":"https:\/\/www.europesays.com\/fr\/wp-json\/wp\/v2\/comments?post=173269"}],"version-history":[{"count":0,"href":"https:\/\/www.europesays.com\/fr\/wp-json\/wp\/v2\/posts\/173269\/revisions"}],"wp:featuredmedia":[{"embeddable":true,"href":"https:\/\/www.europesays.com\/fr\/wp-json\/wp\/v2\/media\/173270"}],"wp:attachment":[{"href":"https:\/\/www.europesays.com\/fr\/wp-json\/wp\/v2\/media?parent=173269"}],"wp:term":[{"taxonomy":"category","embeddable":true,"href":"https:\/\/www.europesays.com\/fr\/wp-json\/wp\/v2\/categories?post=173269"},{"taxonomy":"post_tag","embeddable":true,"href":"https:\/\/www.europesays.com\/fr\/wp-json\/wp\/v2\/tags?post=173269"}],"curies":[{"name":"wp","href":"https:\/\/api.w.org\/{rel}","templated":true}]}}