{"id":17327,"date":"2025-04-11T12:58:13","date_gmt":"2025-04-11T12:58:13","guid":{"rendered":"https:\/\/www.europesays.com\/fr\/17327\/"},"modified":"2025-04-11T12:58:13","modified_gmt":"2025-04-11T12:58:13","slug":"sharon-stone-emue-par-julien-dore-le-chanteur-lui-fait-parvenir-un-beau-cadeau","status":"publish","type":"post","link":"https:\/\/www.europesays.com\/fr\/17327\/","title":{"rendered":"Sharon Stone \u00e9mue par Julien Dor\u00e9\u00a0: le chanteur lui fait parvenir un beau cadeau"},"content":{"rendered":"<p class=\"ap-StoryElement ap-StoryElement--mb ap-StoryText\">Une improbable amiti\u00e9\u2026 d\u00e9sormais scell\u00e9e par un disque de platine. Les routes de <b>Julien Dor\u00e9 et de Sharon Stone <\/b>se sont crois\u00e9es en 2008 lors du c\u00e9l\u00e8bre Festival de Cannes. Encore consid\u00e9r\u00e9 comme un artiste \u00e9mergent, le Fran\u00e7ais va taper dans l&rsquo;oeil de la star hollywoodienne lors d&rsquo;une prestation en catimini sur la Croisette. \u00ab\u00a0Personne ne m&rsquo;\u00e9coutait\u2026 Puis Sharon Stone est arriv\u00e9e, elle s&rsquo;est assise \u00e0 c\u00f4t\u00e9 de moi et m&rsquo;a \u00e9cout\u00e9\u00a0\u00bb, s&rsquo;\u00e9tait-il rappel\u00e9 sur le plateau de \u00ab\u00a0C \u00e0 vous\u00a0\u00bb en novembre dernier.<\/p>\n","protected":false},"excerpt":{"rendered":"Une improbable amiti\u00e9\u2026 d\u00e9sormais scell\u00e9e par un disque de platine. Les routes de Julien Dor\u00e9 et de Sharon&hellip;\n","protected":false},"author":2,"featured_media":17328,"comment_status":"","ping_status":"","sticky":false,"template":"","format":"standard","meta":{"footnotes":""},"categories":[1355],"tags":[1692,7006,58,59,1011,27,7005,4004,1361,873,6800],"class_list":{"0":"post-17327","1":"post","2":"type-post","3":"status-publish","4":"format-standard","5":"has-post-thumbnail","7":"category-musique","8":"tag-album","9":"tag-amitie","10":"tag-divertissement","11":"tag-entertainment","12":"tag-fr","13":"tag-france","14":"tag-imposteur","15":"tag-julien-dore","16":"tag-music","17":"tag-musique","18":"tag-sharon-stone"},"share_on_mastodon":{"url":"https:\/\/pubeurope.com\/@fr\/114319452169550302","error":""},"_links":{"self":[{"href":"https:\/\/www.europesays.com\/fr\/wp-json\/wp\/v2\/posts\/17327","targetHints":{"allow":["GET"]}}],"collection":[{"href":"https:\/\/www.europesays.com\/fr\/wp-json\/wp\/v2\/posts"}],"about":[{"href":"https:\/\/www.europesays.com\/fr\/wp-json\/wp\/v2\/types\/post"}],"author":[{"embeddable":true,"href":"https:\/\/www.europesays.com\/fr\/wp-json\/wp\/v2\/users\/2"}],"replies":[{"embeddable":true,"href":"https:\/\/www.europesays.com\/fr\/wp-json\/wp\/v2\/comments?post=17327"}],"version-history":[{"count":0,"href":"https:\/\/www.europesays.com\/fr\/wp-json\/wp\/v2\/posts\/17327\/revisions"}],"wp:featuredmedia":[{"embeddable":true,"href":"https:\/\/www.europesays.com\/fr\/wp-json\/wp\/v2\/media\/17328"}],"wp:attachment":[{"href":"https:\/\/www.europesays.com\/fr\/wp-json\/wp\/v2\/media?parent=17327"}],"wp:term":[{"taxonomy":"category","embeddable":true,"href":"https:\/\/www.europesays.com\/fr\/wp-json\/wp\/v2\/categories?post=17327"},{"taxonomy":"post_tag","embeddable":true,"href":"https:\/\/www.europesays.com\/fr\/wp-json\/wp\/v2\/tags?post=17327"}],"curies":[{"name":"wp","href":"https:\/\/api.w.org\/{rel}","templated":true}]}}