{"id":173275,"date":"2025-06-13T11:48:11","date_gmt":"2025-06-13T11:48:11","guid":{"rendered":"https:\/\/www.europesays.com\/fr\/173275\/"},"modified":"2025-06-13T11:48:11","modified_gmt":"2025-06-13T11:48:11","slug":"echirolles-pres-de-1-000-spectateurs-a-lavant-premiere-de-marius-et-les-gardiens-de-la-cite-phoceenne","status":"publish","type":"post","link":"https:\/\/www.europesays.com\/fr\/173275\/","title":{"rendered":"Echirolles. Pr\u00e8s de 1 000 spectateurs \u00e0 l&rsquo;avant-premi\u00e8re de Marius et les gardiens de la cit\u00e9 phoc\u00e9enne"},"content":{"rendered":"<p>L\u2019avant-premi\u00e8re du film Marius et les gardiens de la cit\u00e9 phoc\u00e9enne, avec Soprano dans le r\u00f4le principal, a eu lieu jeudi 12 juin au soir au Path\u00e9 \u00c9chirolles. La pr\u00e9sence exceptionnelle des acteurs du film (qui sort en salle le 9\u00a0juillet prochain) Nassim Bouguezzi, Nordine Sahli, Walid Ben Amar et Soprano, dont c\u2019\u00e9tait son premier r\u00f4le au cin\u00e9ma, a permis une belle rencontre avec le public.\u00a0<\/p>\n","protected":false},"excerpt":{"rendered":"L\u2019avant-premi\u00e8re du film Marius et les gardiens de la cit\u00e9 phoc\u00e9enne, avec Soprano dans le r\u00f4le principal, a&hellip;\n","protected":false},"author":2,"featured_media":173276,"comment_status":"","ping_status":"","sticky":false,"template":"","format":"standard","meta":{"footnotes":""},"categories":[9566],"tags":[1111,11,2430,650,1687,9852,9853,112,1777,674,1011,27,2797,5325,2731,12,25],"class_list":{"0":"post-173275","1":"post","2":"type-post","3":"status-publish","4":"format-standard","5":"has-post-thumbnail","7":"category-grenoble","8":"tag-actu","9":"tag-actualites","10":"tag-auvergne-rhone-alpes","11":"tag-cinema","12":"tag-culture-loisirs","13":"tag-echirolles","14":"tag-echirolles-bassin","15":"tag-edition-grenoble-agglomeration","16":"tag-eu","17":"tag-europe","18":"tag-fr","19":"tag-france","20":"tag-galerie-loisirs","21":"tag-galerie-media","22":"tag-grenoble","23":"tag-news","24":"tag-republique-francaise"},"share_on_mastodon":{"url":"https:\/\/pubeurope.com\/@fr\/114675902346164337","error":""},"_links":{"self":[{"href":"https:\/\/www.europesays.com\/fr\/wp-json\/wp\/v2\/posts\/173275","targetHints":{"allow":["GET"]}}],"collection":[{"href":"https:\/\/www.europesays.com\/fr\/wp-json\/wp\/v2\/posts"}],"about":[{"href":"https:\/\/www.europesays.com\/fr\/wp-json\/wp\/v2\/types\/post"}],"author":[{"embeddable":true,"href":"https:\/\/www.europesays.com\/fr\/wp-json\/wp\/v2\/users\/2"}],"replies":[{"embeddable":true,"href":"https:\/\/www.europesays.com\/fr\/wp-json\/wp\/v2\/comments?post=173275"}],"version-history":[{"count":0,"href":"https:\/\/www.europesays.com\/fr\/wp-json\/wp\/v2\/posts\/173275\/revisions"}],"wp:featuredmedia":[{"embeddable":true,"href":"https:\/\/www.europesays.com\/fr\/wp-json\/wp\/v2\/media\/173276"}],"wp:attachment":[{"href":"https:\/\/www.europesays.com\/fr\/wp-json\/wp\/v2\/media?parent=173275"}],"wp:term":[{"taxonomy":"category","embeddable":true,"href":"https:\/\/www.europesays.com\/fr\/wp-json\/wp\/v2\/categories?post=173275"},{"taxonomy":"post_tag","embeddable":true,"href":"https:\/\/www.europesays.com\/fr\/wp-json\/wp\/v2\/tags?post=173275"}],"curies":[{"name":"wp","href":"https:\/\/api.w.org\/{rel}","templated":true}]}}