{"id":173277,"date":"2025-06-13T11:49:16","date_gmt":"2025-06-13T11:49:16","guid":{"rendered":"https:\/\/www.europesays.com\/fr\/173277\/"},"modified":"2025-06-13T11:49:16","modified_gmt":"2025-06-13T11:49:16","slug":"je-vous-donne-un-flyer-au-cas-ou-la-technique-surprenante-des-policiers-de-grenoble-contre-les-dealers","status":"publish","type":"post","link":"https:\/\/www.europesays.com\/fr\/173277\/","title":{"rendered":"\u00ab\u00a0Je vous donne un flyer au cas o\u00f9\u00a0\u00bb : la technique surprenante des policiers de Grenoble contre les dealers"},"content":{"rendered":"<ul class=\"jsx-862013697 ArticleChapo__List\">\n<li class=\"jsx-862013697 ArticleChapo__List_Item flex\">La police de Grenoble exp\u00e9rimente une nouvelle fa\u00e7on de lutter contre le trafic de drogue.<\/li>\n<li class=\"jsx-862013697 ArticleChapo__List_Item flex\">Un QR code est distribu\u00e9 aux habitants pour d\u00e9noncer anonymement les dealers.<\/li>\n<li class=\"jsx-862013697 ArticleChapo__List_Item flex\">Une \u00e9quipe de TF1 se penche sur ce dispositif.<\/li>\n<\/ul>\n<p><a href=\"https:\/\/www.tf1info.fr\/emissions\/tf1\/le-20h-11001\/\" rel=\"noopener\" class=\"jsx-484472199 Link jsx-1428418400 jsx-640816507\" target=\"_blank\"><\/p>\n<p style=\"font-weight:400\" class=\"jsx-1837267516\">Suivez la couverture compl\u00e8te<\/p>\n<p style=\"font-weight:800\" class=\"jsx-1837267516\">Le 20H<\/p>\n<p><\/a><\/p>\n<p data-module=\"article-paragraph\" class=\"jsx-3046738180 Paragraph\">C&rsquo;est une distribution insolite, organis\u00e9e par la police de l&rsquo;Is\u00e8re. \u00ab\u00a0Je vous donne un flyer au cas o\u00f9. Si vous \u00eates t\u00e9moin de quoi que ce soit, n&rsquo;h\u00e9sitez pas \u00e0 nous le signaler sur le site internet\u00a0\u00bb, lance un policier \u00e0 un homme pr\u00e9sent sur un march\u00e9, dans le reportage du 20H de TF1 visible ci-dessus. Un tract \u00e9galement d\u00e9pos\u00e9 dans les bo\u00eetes aux lettres de plusieurs quartiers sensibles de Grenoble et de son agglom\u00e9ration.\u00a0<\/p>\n<p data-module=\"article-paragraph\" class=\"jsx-3046738180 Paragraph Paragraph__End\">Comme \u00e0 Fontaine, o\u00f9 une fusillade a fait un mort en septembre dernier sur un point de deal. \u00ab\u00a0Le principe de la d\u00e9marche, c&rsquo;est de pouvoir nous donner anonymement des informations, qui peuvent nous permettre d&rsquo;avoir des d\u00e9bouch\u00e9s sur de possibles interpellations ou de possibles faits du quotidien qui nuisent \u00e0 toute la population\u00a0\u00bb, explique face \u00e0 notre cam\u00e9ra Beno\u00eet, gardien de la paix au sein du Groupement de s\u00e9curit\u00e9 de proximit\u00e9.\u00a0<\/p>\n<p data-module=\"article-paragraph\" class=\"jsx-3046738180 Paragraph Paragraph__End\">Le dispositif est tr\u00e8s simple, comme le montre notre journaliste Gwena\u00ebl Windrestin : \u00ab\u00a0Pour signaler un \u00e9v\u00e9nement, je flashe\u00a0le QR code qui est pr\u00e9sent sur ce flyer, et apr\u00e8s seulement quelques clics, je peux discuter anonymement avec un policier\u00a0\u00bb.\u00a0<\/p>\n<p><img decoding=\"async\" src=\"https:\/\/www.europesays.com\/fr\/wp-content\/uploads\/2025\/06\/capvicge-85b3fb-0@1x.jpeg\" alt=\"TF1\" loading=\"lazy\" importance=\"low\" fetchpriority=\"low\" class=\"\" data-module=\"article-image\"\/>TF1<\/p>\n<p data-module=\"article-paragraph\" class=\"jsx-3046738180 Paragraph Paragraph__End\">Et l&rsquo;initiative surprend les habitants, partag\u00e9s sur ce principe de d\u00e9nonciation. \u00ab\u00a0Oui, je le ferai, je pense\u00a0\u00bb, assure une femme \u00e0 notre \u00e9quipe. \u00ab\u00a0Est-ce que \u00e7a va \u00eatre anonyme ? La peur des repr\u00e9sailles est vraiment pr\u00e9sente\u00a0\u00bb, pointe un autre. Une troisi\u00e8me fait aussi part de ses r\u00e9serves : \u00ab\u00a0\u00c7a peut \u00eatre une bonne id\u00e9e, je pense, mais est-ce que \u00e7a va vraiment \u00eatre utile ? Je ne sais pas. Vous enlevez un point de deal, demain, il y en a un autre\u00a0\u00bb.\u00a0<\/p>\n<p>\u00ab\u00a0On ne peut pas tout prendre pour argent comptant\u00a0\u00bb<\/p>\n<p data-module=\"article-paragraph\" class=\"jsx-3046738180 Paragraph Paragraph__End\">En d\u00e9but d&rsquo;ann\u00e9e, \u00e0 Saint-Martin-d&rsquo;H\u00e8res, les dealers avaient utilis\u00e9 le m\u00eame proc\u00e9d\u00e9 en distribuant des publicit\u00e9s pour attirer les consommateurs. Le dispositif de la police est lui en place depuis un mois, et il porte ses fruits. \u00ab\u00a0Ce sont des interpellations, ce sont des saisies, ce sont surtout des connaissances beaucoup plus fines des modes op\u00e9ratoires des trafiquants, et ces modes op\u00e9ratoires sont aussi importants pour nous pour mieux appr\u00e9hender nos op\u00e9rations de voie publique\u00a0\u00bb, nous indique J\u00e9r\u00f4me Chappa, directeur interd\u00e9partemental de la polie nationale de l&rsquo;Is\u00e8re.<\/p>\n<p><a href=\"https:\/\/www.tf1info.fr\/justice-faits-divers\/reportage-video-ils-cachaient-de-la-drogue-sur-mon-balcon-des-habitants-de-grenoble-sous-la-coupe-des-dealers-2365814.html\" rel=\"noopener\" class=\"jsx-3308031228 Link flex\" target=\"_blank\"><img decoding=\"async\" src=\"https:\/\/www.europesays.com\/fr\/wp-content\/uploads\/2025\/06\/capjta-dealers-grenoble-773a05-1@1x.jpeg\" alt=\"TF1\" loading=\"lazy\" importance=\"low\" fetchpriority=\"low\" class=\"\"\/><\/p>\n<p class=\"jsx-3657663356 ReadMoreArticle__Title\">Lire aussi<\/p>\n<p class=\"jsx-3657663356\">\u00ab\u00a0Ils cachaient de la drogue sur mon balcon\u00a0\u00bb : des habitants de Grenoble sous la coupe des dealers <\/p>\n<p><\/a><\/p>\n<p data-module=\"article-paragraph\" class=\"jsx-3046738180 Paragraph\">Les informations sont ensuite transmises aux policiers grenoblois. Des enqu\u00eateurs qui doivent les traiter, les exploiter pour leurs investigations dans la lutte contre le trafic de stup\u00e9fiants. Et Yannick Biancheri, secr\u00e9taire zonal sud-est d&rsquo;Alliance police nationale, craint qu&rsquo;ils ne soient pas assez nombreux : \u00ab\u00a0Il faut v\u00e9rifier la v\u00e9racit\u00e9 des informations, on ne peut pas prendre tout argent comptant. Donc si on a un flux d&rsquo;informations qu&rsquo;on ne peut pas traiter parce qu&rsquo;il nous manque des policiers, \u00e7a ne sert grosso modo \u00e0 rien\u00a0\u00bb.\u00a0<\/p>\n<p data-module=\"article-paragraph\" class=\"jsx-3046738180 Paragraph Paragraph__End\">La distribution de ces prospectus va s&rsquo;\u00e9tendre \u00e0 d&rsquo;autres quartiers de Grenoble gangr\u00e9n\u00e9s par le trafic de drogue.<\/p>\n<p>La r\u00e9daction de TF1info | Reportage Gwena\u00ebl WINDRESTIN, Louis L\u00c9GER<\/p>\n","protected":false},"excerpt":{"rendered":"La police de Grenoble exp\u00e9rimente une nouvelle fa\u00e7on de lutter contre le trafic de drogue. Un QR code&hellip;\n","protected":false},"author":2,"featured_media":173278,"comment_status":"","ping_status":"","sticky":false,"template":"","format":"standard","meta":{"footnotes":""},"categories":[9566],"tags":[1111,11,1921,2430,1777,674,5582,1011,27,2731,1922,2954,2952,12,25,887,133,2953],"class_list":{"0":"post-173277","1":"post","2":"type-post","3":"status-publish","4":"format-standard","5":"has-post-thumbnail","7":"category-grenoble","8":"tag-actu","9":"tag-actualites","10":"tag-article-video","11":"tag-auvergne-rhone-alpes","12":"tag-eu","13":"tag-europe","14":"tag-forces-de-lordre-armee-pompiers","15":"tag-fr","16":"tag-france","17":"tag-grenoble","18":"tag-info","19":"tag-justice-et-faits-divers","20":"tag-le-20h","21":"tag-news","22":"tag-republique-francaise","23":"tag-trafic-de-drogue","24":"tag-video","25":"tag-video-police"},"share_on_mastodon":{"url":"https:\/\/pubeurope.com\/@fr\/114675906309367719","error":""},"_links":{"self":[{"href":"https:\/\/www.europesays.com\/fr\/wp-json\/wp\/v2\/posts\/173277","targetHints":{"allow":["GET"]}}],"collection":[{"href":"https:\/\/www.europesays.com\/fr\/wp-json\/wp\/v2\/posts"}],"about":[{"href":"https:\/\/www.europesays.com\/fr\/wp-json\/wp\/v2\/types\/post"}],"author":[{"embeddable":true,"href":"https:\/\/www.europesays.com\/fr\/wp-json\/wp\/v2\/users\/2"}],"replies":[{"embeddable":true,"href":"https:\/\/www.europesays.com\/fr\/wp-json\/wp\/v2\/comments?post=173277"}],"version-history":[{"count":0,"href":"https:\/\/www.europesays.com\/fr\/wp-json\/wp\/v2\/posts\/173277\/revisions"}],"wp:featuredmedia":[{"embeddable":true,"href":"https:\/\/www.europesays.com\/fr\/wp-json\/wp\/v2\/media\/173278"}],"wp:attachment":[{"href":"https:\/\/www.europesays.com\/fr\/wp-json\/wp\/v2\/media?parent=173277"}],"wp:term":[{"taxonomy":"category","embeddable":true,"href":"https:\/\/www.europesays.com\/fr\/wp-json\/wp\/v2\/categories?post=173277"},{"taxonomy":"post_tag","embeddable":true,"href":"https:\/\/www.europesays.com\/fr\/wp-json\/wp\/v2\/tags?post=173277"}],"curies":[{"name":"wp","href":"https:\/\/api.w.org\/{rel}","templated":true}]}}