{"id":173281,"date":"2025-06-13T11:51:10","date_gmt":"2025-06-13T11:51:10","guid":{"rendered":"https:\/\/www.europesays.com\/fr\/173281\/"},"modified":"2025-06-13T11:51:10","modified_gmt":"2025-06-13T11:51:10","slug":"harcelement-moral-et-sexuel-en-entreprise-rencontre-a-rennes","status":"publish","type":"post","link":"https:\/\/www.europesays.com\/fr\/173281\/","title":{"rendered":"Harc\u00e8lement moral et sexuel en entreprise\u00a0: rencontre \u00e0 Rennes"},"content":{"rendered":"<p>La Chaire Vivre Ensemble de la <a href=\"https:\/\/fondation.univ-rennes.fr\/\" target=\"_blank\" rel=\"noopener\">Fondation de l\u2019Universit\u00e9 de Rennes<\/a> organise une rencontre, jeudi 3\u00a0juillet 2025, de 18\u00a0h \u00e0 20\u00a0h, \u00e0 l\u2019IGR-IAE, \u00e9cole universitaire de management (11,\u00a0rue Jean-Mac\u00e9) sur le th\u00e8me \u00ab\u00a0Le harc\u00e8lement moral et sexuel en entreprise\u00a0: regards crois\u00e9s entre experts du droit et du management\u00a0\u00bb.<\/p>\n<p><strong>\u00ab\u00a0Face aux effets n\u00e9fastes du harc\u00e8lement sur le vivre ensemble en entreprise, \u00e0 la multiplication des condamnations des auteurs de ces harc\u00e8lements, voire de l\u2019entreprise, et \u00e0 l\u2019impact sur la r\u00e9putation de l\u2019entreprise, il devient essentiel de mieux cerner cette notion de harc\u00e8lement pour pr\u00e9venir ou rem\u00e9dier \u00e0 ces situations pr\u00e9judiciables, tant pour les victimes que pour les employeurs\u00a0\u00bb<\/strong>, soulignent les organisateurs.<\/p>\n<p>Pour les dirigeants, managers, juristes\u2026<\/p>\n<p>Des experts du droit et du management s\u2019exprimeront\u00a0: \u00c9lodie Cohen-Morvan, avocate sp\u00e9cialiste en droit du travail au Barreau de Rennes\u00a0; Jean-Guillaume Le Mintier, avocat p\u00e9naliste au Barreau de Rennes\u00a0; Olivier Bourquard, ancien DRH, conseiller d\u2019entreprise et ambassadeur de la Chaire.<\/p>\n<p><strong>\u00ab\u00a0Cette conf\u00e9rence s\u2019adresse aux professionnels des ressources humaines, dirigeants, managers, juristes, ainsi qu\u2019\u00e0 toute personne souhaitant mieux comprendre cette probl\u00e9matique du harc\u00e8lement\u00a0\u00bb<\/strong>.<\/p>\n<p>La conf\u00e9rence pourra \u00eatre suivie aussi en visioconf\u00e9rence, sur internet. <a href=\"https:\/\/docs.google.com\/forms\/d\/e\/1FAIpQLSdjucjYiNfIuI4JKGqZGqVxWEfaKI0Ys-_lcP6bnqGbNB2hUQ\/viewform\" target=\"_blank\" rel=\"noopener\">Gratuit, inscriptions en ligne<\/a>.<\/p>\n<p>\u00a0<\/p>\n","protected":false},"excerpt":{"rendered":"La Chaire Vivre Ensemble de la Fondation de l\u2019Universit\u00e9 de Rennes organise une rencontre, jeudi 3\u00a0juillet 2025, de&hellip;\n","protected":false},"author":2,"featured_media":173282,"comment_status":"","ping_status":"","sticky":false,"template":"","format":"standard","meta":{"footnotes":""},"categories":[2821],"tags":[1111,11,829,257,1777,674,1011,27,3668,9346,12,3086,5486,584,25,30841],"class_list":{"0":"post-173281","1":"post","2":"type-post","3":"status-publish","4":"format-standard","5":"has-post-thumbnail","7":"category-rennes","8":"tag-actu","9":"tag-actualites","10":"tag-bretagne","11":"tag-entreprise","12":"tag-eu","13":"tag-europe","14":"tag-fr","15":"tag-france","16":"tag-harcelement","17":"tag-moral","18":"tag-news","19":"tag-redon","20":"tag-rencontre","21":"tag-rennes","22":"tag-republique-francaise","23":"tag-sexuel"},"share_on_mastodon":{"url":"https:\/\/pubeurope.com\/@fr\/114675914131961006","error":""},"_links":{"self":[{"href":"https:\/\/www.europesays.com\/fr\/wp-json\/wp\/v2\/posts\/173281","targetHints":{"allow":["GET"]}}],"collection":[{"href":"https:\/\/www.europesays.com\/fr\/wp-json\/wp\/v2\/posts"}],"about":[{"href":"https:\/\/www.europesays.com\/fr\/wp-json\/wp\/v2\/types\/post"}],"author":[{"embeddable":true,"href":"https:\/\/www.europesays.com\/fr\/wp-json\/wp\/v2\/users\/2"}],"replies":[{"embeddable":true,"href":"https:\/\/www.europesays.com\/fr\/wp-json\/wp\/v2\/comments?post=173281"}],"version-history":[{"count":0,"href":"https:\/\/www.europesays.com\/fr\/wp-json\/wp\/v2\/posts\/173281\/revisions"}],"wp:featuredmedia":[{"embeddable":true,"href":"https:\/\/www.europesays.com\/fr\/wp-json\/wp\/v2\/media\/173282"}],"wp:attachment":[{"href":"https:\/\/www.europesays.com\/fr\/wp-json\/wp\/v2\/media?parent=173281"}],"wp:term":[{"taxonomy":"category","embeddable":true,"href":"https:\/\/www.europesays.com\/fr\/wp-json\/wp\/v2\/categories?post=173281"},{"taxonomy":"post_tag","embeddable":true,"href":"https:\/\/www.europesays.com\/fr\/wp-json\/wp\/v2\/tags?post=173281"}],"curies":[{"name":"wp","href":"https:\/\/api.w.org\/{rel}","templated":true}]}}