{"id":173283,"date":"2025-06-13T11:52:08","date_gmt":"2025-06-13T11:52:08","guid":{"rendered":"https:\/\/www.europesays.com\/fr\/173283\/"},"modified":"2025-06-13T11:52:08","modified_gmt":"2025-06-13T11:52:08","slug":"bon-plan-a-strasbourg-une-brocante-va-se-tenir-dans-le-quartier-de-la-krutenau-a-strasbourg-ce-samedi","status":"publish","type":"post","link":"https:\/\/www.europesays.com\/fr\/173283\/","title":{"rendered":"Bon plan \u00e0 Strasbourg. Une brocante va se tenir dans le quartier de la Krutenau \u00e0 Strasbourg ce samedi"},"content":{"rendered":"<p>            Par<br \/>\n        <strong><br \/>\n            <a href=\"https:\/\/actu.fr\/auteur\/margot-fournie\" title=\"Consulter tous les articles de Margot Fournie\" target=\"_blank\" rel=\"noopener\">Margot Fournie<\/a><br \/>\n        <\/strong><\/p>\n<p>        Publi\u00e9 le<\/p>\n<p>            13 juin 2025 \u00e0 13h27        <\/p>\n<p>Le 14 juin, de 8h \u00e0 18h, va se tenir la <strong>34e \u00e9dition de la brocante<\/strong> du quartier de la Krutenau \u00e0 <a href=\"https:\/\/actu.fr\/strasbourg\/\" target=\"_blank\" rel=\"noopener\">Strasbourg<\/a>.<\/p>\n<p>Plus d\u2019une centaines d\u2019exposants sont attendus<\/p>\n<p class=\" wall-content\">L\u2019\u00e9v\u00e8nement se tiendra sur la place de Zurich et dans les rues de Zurich, de la Krutenau, Ernest Munch et rue de l\u2019Abreuvoir, mais aussi la place du Pont aux Chats.<\/p>\n<p class=\" wall-content\"><strong>400 exposants<\/strong> sont attendus au rendez-vous. Il y aura \u00e9galement des points de restauration et des animations au programme.<\/p>\n<p class=\" wall-content\">De quoi chiner, faire de bonnes affaires et passer <strong>un bon samedi en famille<\/strong>.<\/p>\n<p class=\" wall-content\">Suivez toute l\u2019actualit\u00e9 de vos villes et m\u00e9dias favoris en vous inscrivant \u00e0 <a href=\"https:\/\/moncompte.actu.fr\" title=\"D\u00e9couvez Mon Actu\" rel=\"nofollow noopener\" data-trk=\"{&quot;cta&quot;:{&quot;action&quot;:&quot;https:\\\/\\\/moncompte.actu.fr&quot;,&quot;category&quot;:&quot;mon compte&quot;,&quot;from&quot;:&quot;article footer&quot;,&quot;name&quot;:&quot;Mon actu&quot;,&quot;type&quot;:&quot;cta&quot;}}\" target=\"_blank\">Mon Actu<\/a>.<\/p>\n<ul class=\"ac-article-tag wall-content\">\n<li><a href=\"https:\/\/actu.fr\/tag\/bons-plans-a-strasbourg\" data-trk=\"{&quot;cta&quot;:{&quot;action&quot;:&quot;Bons plans \\u00e0 Strasbourg&quot;,&quot;category&quot;:&quot;tag&quot;,&quot;from&quot;:&quot;article footer&quot;,&quot;name&quot;:&quot;Bons plans \\u00e0 Strasbourg&quot;,&quot;type&quot;:&quot;cta&quot;}}\" target=\"_blank\" rel=\"noopener\">#Bons plans \u00e0 Strasbourg<\/a><\/li>\n<li><a href=\"https:\/\/actu.fr\/tag\/brocante\" data-trk=\"{&quot;cta&quot;:{&quot;action&quot;:&quot;Brocante&quot;,&quot;category&quot;:&quot;tag&quot;,&quot;from&quot;:&quot;article footer&quot;,&quot;name&quot;:&quot;Brocante&quot;,&quot;type&quot;:&quot;cta&quot;}}\" target=\"_blank\" rel=\"noopener\">#Brocante<\/a><\/li>\n<\/ul>\n","protected":false},"excerpt":{"rendered":"Par Margot Fournie Publi\u00e9 le 13 juin 2025 \u00e0 13h27 Le 14 juin, de 8h \u00e0 18h, va&hellip;\n","protected":false},"author":2,"featured_media":173284,"comment_status":"","ping_status":"","sticky":false,"template":"","format":"standard","meta":{"footnotes":""},"categories":[2820],"tags":[1111,11,13978,6961,1777,674,1011,27,775,12,52,25,640],"class_list":{"0":"post-173283","1":"post","2":"type-post","3":"status-publish","4":"format-standard","5":"has-post-thumbnail","7":"category-strasbourg","8":"tag-actu","9":"tag-actualites","10":"tag-bons-plans-a-strasbourg","11":"tag-brocante","12":"tag-eu","13":"tag-europe","14":"tag-fr","15":"tag-france","16":"tag-grand-est","17":"tag-news","18":"tag-planete","19":"tag-republique-francaise","20":"tag-strasbourg"},"share_on_mastodon":{"url":"https:\/\/pubeurope.com\/@fr\/114675918480589123","error":""},"_links":{"self":[{"href":"https:\/\/www.europesays.com\/fr\/wp-json\/wp\/v2\/posts\/173283","targetHints":{"allow":["GET"]}}],"collection":[{"href":"https:\/\/www.europesays.com\/fr\/wp-json\/wp\/v2\/posts"}],"about":[{"href":"https:\/\/www.europesays.com\/fr\/wp-json\/wp\/v2\/types\/post"}],"author":[{"embeddable":true,"href":"https:\/\/www.europesays.com\/fr\/wp-json\/wp\/v2\/users\/2"}],"replies":[{"embeddable":true,"href":"https:\/\/www.europesays.com\/fr\/wp-json\/wp\/v2\/comments?post=173283"}],"version-history":[{"count":0,"href":"https:\/\/www.europesays.com\/fr\/wp-json\/wp\/v2\/posts\/173283\/revisions"}],"wp:featuredmedia":[{"embeddable":true,"href":"https:\/\/www.europesays.com\/fr\/wp-json\/wp\/v2\/media\/173284"}],"wp:attachment":[{"href":"https:\/\/www.europesays.com\/fr\/wp-json\/wp\/v2\/media?parent=173283"}],"wp:term":[{"taxonomy":"category","embeddable":true,"href":"https:\/\/www.europesays.com\/fr\/wp-json\/wp\/v2\/categories?post=173283"},{"taxonomy":"post_tag","embeddable":true,"href":"https:\/\/www.europesays.com\/fr\/wp-json\/wp\/v2\/tags?post=173283"}],"curies":[{"name":"wp","href":"https:\/\/api.w.org\/{rel}","templated":true}]}}