{"id":173287,"date":"2025-06-13T11:54:08","date_gmt":"2025-06-13T11:54:08","guid":{"rendered":"https:\/\/www.europesays.com\/fr\/173287\/"},"modified":"2025-06-13T11:54:08","modified_gmt":"2025-06-13T11:54:08","slug":"pourquoi-les-petits-fonds-cotiers-sont-les-sentinelles-de-locean","status":"publish","type":"post","link":"https:\/\/www.europesays.com\/fr\/173287\/","title":{"rendered":"pourquoi les petits fonds c\u00f4tiers sont les sentinelles de l&rsquo;oc\u00e9an"},"content":{"rendered":"<p>Une astuce pour se d\u00e9tendre les articulations et se faire une belle peau \u00e0 peu de frais\u00a0: les bains de posidonie, ces<a href=\"https:\/\/www.laprovence.com\/article\/region\/3049280032662114\/en-paca-une-alliance-pour-preserver-la-posidonie-la-foret-amazonienne-sous-marine-de-la-mediterranee\" target=\"_blank\" rel=\"nofollow noopener\"> herbiers marins<\/a> en danger qui prot\u00e8gent notamment la c\u00f4te de l\u2019\u00e9rosion et qu\u2019on trouve au bord des plages. \u00ab\u00a0Les <a href=\"https:\/\/www.laprovence.com\/article\/ecoplanete\/1228487232135614\/prophete-bonneveine-a-marseille-4-plages-experimentent-des-couches-de-feuilles-mortes-de-posidonie-sous-le-sable\" target=\"_blank\" rel=\"nofollow noopener\">banquettes de posidonies<\/a> ne sont pas sales, au contraire, assure Charles-Fran\u00e7ois Boudouresque, professeur \u00e9m\u00e9rite \u00e0 l\u2019Institut m\u00e9diterran\u00e9en d\u2019oc\u00e9anographie (MIO) \u00e0 Marseille. Se baigner dans cette bouille de feuilles, c\u2019est de la thalassoth\u00e9rapie. Elles sont tr\u00e8s riches en tanins et tr\u00e8s bonnes pour la peau. En plus, les insectes piqueurs comme les puces ou les moustiques n\u2019y viennent pas. Jusqu\u2019au 19e si\u00e8cle, on en faisait m\u00eame des matelas.\u00a0\u00bb<\/p>\n<p>Peur de l\u2019inconnu, impression que c\u2019est sale, beaucoup d\u2019entre nous abordent les plages en s\u2019accommodant plus facilement d\u2019un paquet de chips vide qui tra\u00eene que de la nature qui s\u2019y d\u00e9veloppe. \u00ab\u00a0Pourtant, souligne Marie Monin, directrice du parc marin de la C\u00f4te bleue, o\u00f9 les aires marines et les zones prot\u00e9g\u00e9es multiplient la biodiversit\u00e9 par sept, redonnant le sourire aux p\u00eacheurs alentour, une plage n\u2019est pas qu\u2019un morceau de sable ou un parking. C\u2019est l\u2019entr\u00e9e dans un monde ou des esp\u00e8ces vivent et se reproduisent, vers, vives, v\u00e9g\u00e9taux, crustac\u00e9s. Il y a quelques jours, par 1,5 m\u00e8tre de fond \u00e0 Carry, j\u2019ai trouv\u00e9 deux hippocampes jaunes avec ma fille.\u00a0\u00bb<\/p>\n<p>Des hippocampes jaunes au bord de la plage<\/p>\n<p>Ces petits fonds c\u00f4tiers, cette zone qui part du sable pour aller jusqu\u2019\u00e0 50\u00a0m de profondeur, int\u00e9grant les lagunes ou les graus, font l\u2019objet d\u2019une attention toute particuli\u00e8re. \u00ab\u00a0Car ils pr\u00e9sentent diff\u00e9rents \u00e9cosyst\u00e8mes, roches, vase, sables ou herbiers qui interagissent, pr\u00e9cise Charles-Fran\u00e7ois Boudouresque. Un poisson peut aller pondre dans un \u00e9cosyst\u00e8me, les larves se d\u00e9velopper dans un autre, les adultes vivre dans un troisi\u00e8me.\u00a0\u00bb<\/p>\n<p>Alors que les interventions s\u2019accumulent \u00e0 Nice, o\u00f9 la conf\u00e9rence des Nations Unies sur l\u2019Oc\u00e9an tente d\u2019\u00e9tendre les aires marines prot\u00e9g\u00e9es et de trouver des<a href=\"https:\/\/www.laprovence.com\/article\/ecoplanete\/10267438761788\/conference-mondiale-sur-l-ocean-decouvrez-l-innovation-de-ce-marseillais-pour-mieux-proteger-les-mers\" target=\"_blank\" rel=\"nofollow noopener\"> solutions <\/a>face \u00e0 la surp\u00eache et les <a href=\"https:\/\/www.laprovence.com\/article\/ecoplanete\/72792685689643\/de-lespace-je-voyais-la-pollution-des-oceans-thomas-pesquet-tire-la-sonnette-dalarme\" target=\"_blank\" rel=\"nofollow noopener\">pollutions,<\/a> les scientifiques et acteurs de terrain jouent le pragmatisme. Sur le catamaran Mayba affr\u00e9t\u00e9 par France Nature Environnement dans la baie des anges, ce mercredi matin, Fatiha El-Messaoudi, experte \u00e0 l\u2019Agence de l\u2019Eau Rh\u00f4ne &#8211; <a href=\"https:\/\/www.laprovence.com\/article\/ecoplanete\/14690790896084\/comment-la-fonte-d-un-glacier-en-suisse-a-des-repercussions-sur-la-mediterranee\" target=\"_blank\" rel=\"nofollow noopener\">M\u00e9diterran\u00e9e <\/a>&#8211; Corse, montre la c\u00f4te. \u00ab\u00a0Il suffit de regarder ce trait particuli\u00e8rement b\u00e9tonn\u00e9 pour comprendre la multiplicit\u00e9 des pressions sur le littoral et ces petits fonds. Parfois, on ne peut plus restaurer ces nurseries qui nous nourrissent et prot\u00e8gent. Mais on peut pr\u00e9server ce qui existe, avec des bou\u00e9es, des mouillages, des limitations de rejets en mer via les r\u00e9seaux pluviaux. On peut aussi replanter des herbiers.\u00a0\u00bb<\/p>\n<p>La p\u00eache \u00e0 la dynamite d\u00e9truit tout en Albanie<\/p>\n<p>Il faut toutefois compter une quinzaine pour que des posidonies r\u00e9apparaissent, l\u00e0 o\u00f9 une station d\u2019\u00e9puration est venue assainir les eaux c\u00f4ti\u00e8res en filtrant les rejets. \u00ab\u00a0On est sur la M\u00e9diterran\u00e9e heureuse, reprend Charles-Fran\u00e7ois Boudouresque. En France, le probl\u00e8me des pollutions est devenu mineur \u00e0 c\u00f4t\u00e9 de la <a href=\"https:\/\/www.laprovence.com\/article\/ecoplanete\/1438082308189415\/il-ny-pas-a-dautre-solution-que-de-mettre-fin-aux-peches-industrielles\" target=\"_blank\" rel=\"nofollow noopener\">surp\u00eache<\/a> et de l\u2019am\u00e9nagement littoral. Mais sur la rive sud, on revient cent ans en arri\u00e8re. Les rares stations d\u2019\u00e9puration ne fonctionnent pas. En Albanie, les fonds sont tapiss\u00e9s d\u2019oursins qui adorent les pollutions et ils n\u2019ont plus de pr\u00e9dateur \u00e0 cause de la p\u00eache \u00e0 la dynamite qui a tout d\u00e9truit. Il ne reste que la friture.\u00a0\u00bb<\/p>\n<p>Impossible de se d\u00e9courager ou de battre en retraite, toutefois. Sur la C\u00f4te bleue, Marie Monin est fi\u00e8re d\u2019avoir \u00ab\u00a0emmen\u00e9 depuis 30\u00a0ans plus d\u2019enfants en classes de mer qu\u2019il n\u2019y a d\u2019habitants. Les gens ont envie de conna\u00eetre et sensibilisent les autres.\u00a0\u00bb Petit \u00e0 petit, les petits fonds c\u00f4tiers retrouvent des couleurs.<\/p>\n","protected":false},"excerpt":{"rendered":"Une astuce pour se d\u00e9tendre les articulations et se faire une belle peau \u00e0 peu de frais\u00a0: les&hellip;\n","protected":false},"author":2,"featured_media":173288,"comment_status":"","ping_status":"","sticky":false,"template":"","format":"standard","meta":{"footnotes":""},"categories":[2819],"tags":[17,1111,11,436,1777,674,1011,27,18234,151,12,2401,12687,7555,882,25,2764,3356],"class_list":{"0":"post-173287","1":"post","2":"type-post","3":"status-publish","4":"format-standard","5":"has-post-thumbnail","7":"category-nice","8":"tag-17","9":"tag-actu","10":"tag-actualites","11":"tag-environnement","12":"tag-eu","13":"tag-europe","14":"tag-fr","15":"tag-france","16":"tag-lonu","17":"tag-les","18":"tag-news","19":"tag-nice","20":"tag-oceans","21":"tag-pourquoi","22":"tag-provence-alpes-cote-dazur","23":"tag-republique-francaise","24":"tag-sommet","25":"tag-sur"},"share_on_mastodon":{"url":"https:\/\/pubeurope.com\/@fr\/114675925920554653","error":""},"_links":{"self":[{"href":"https:\/\/www.europesays.com\/fr\/wp-json\/wp\/v2\/posts\/173287","targetHints":{"allow":["GET"]}}],"collection":[{"href":"https:\/\/www.europesays.com\/fr\/wp-json\/wp\/v2\/posts"}],"about":[{"href":"https:\/\/www.europesays.com\/fr\/wp-json\/wp\/v2\/types\/post"}],"author":[{"embeddable":true,"href":"https:\/\/www.europesays.com\/fr\/wp-json\/wp\/v2\/users\/2"}],"replies":[{"embeddable":true,"href":"https:\/\/www.europesays.com\/fr\/wp-json\/wp\/v2\/comments?post=173287"}],"version-history":[{"count":0,"href":"https:\/\/www.europesays.com\/fr\/wp-json\/wp\/v2\/posts\/173287\/revisions"}],"wp:featuredmedia":[{"embeddable":true,"href":"https:\/\/www.europesays.com\/fr\/wp-json\/wp\/v2\/media\/173288"}],"wp:attachment":[{"href":"https:\/\/www.europesays.com\/fr\/wp-json\/wp\/v2\/media?parent=173287"}],"wp:term":[{"taxonomy":"category","embeddable":true,"href":"https:\/\/www.europesays.com\/fr\/wp-json\/wp\/v2\/categories?post=173287"},{"taxonomy":"post_tag","embeddable":true,"href":"https:\/\/www.europesays.com\/fr\/wp-json\/wp\/v2\/tags?post=173287"}],"curies":[{"name":"wp","href":"https:\/\/api.w.org\/{rel}","templated":true}]}}