{"id":173305,"date":"2025-06-13T12:03:11","date_gmt":"2025-06-13T12:03:11","guid":{"rendered":"https:\/\/www.europesays.com\/fr\/173305\/"},"modified":"2025-06-13T12:03:11","modified_gmt":"2025-06-13T12:03:11","slug":"rugby-des-matches-du-xv-de-france-delocalises-a-bordeaux-et-lille-la-saison-prochaine","status":"publish","type":"post","link":"https:\/\/www.europesays.com\/fr\/173305\/","title":{"rendered":"Rugby : des matches du XV de France d\u00e9localis\u00e9s \u00e0 Bordeaux et Lille la saison prochaine"},"content":{"rendered":"<p class=\"paragraph text_align_left\">Les XV de France masculin et f\u00e9minin disputeront des matches \u00e0 Bordeaux et \u00e0 Lille en novembre 2025 et lors du Tournoi des six nations 2026, a annonc\u00e9 la F\u00e9d\u00e9ration fran\u00e7aise de rugby vendredi.<\/p>\n<p class=\"paragraph text_align_left\"><a href=\"https:\/\/www.leparisien.fr\/sports\/rugby\/tournoi-des-6-nations\/direct-xv-de-france-apres-la-victoire-dans-le-tournoi-des-six-nations-posez-nous-vos-questions-16-03-2025-EUYKVA5DHJH7TMNLFHYSDHQZYA.php\" target=\"_self\" rel=\"nofollow noopener\">Les Bleus affronteront ainsi les Fidji<\/a> le 15 novembre \u00e0 21h10 au Stade Atlantique de Bordeaux, et l\u2019Italie le dimanche 22 f\u00e9vrier 2026 \u00e0 16h10 au stade Pierre-Mauroy de Lille (comme en 2024), lors de la 3e journ\u00e9e du Tournoi des six nations dont ils sont les tenants.<\/p>\n<p class=\"paragraph text_align_left\">Les Fran\u00e7aises disputeront elle la derni\u00e8re journ\u00e9e du Tournoi contre les septuples tenantes du titre anglaises le samedi 17 mai \u00e0 17h45 au Stade Atlantique de Bordeaux.<\/p>\n<p class=\"paragraph text_align_left\">\u00abOrganiser ce match du XV de France F\u00e9minin dans une enceinte de 42 000 places est un choix fort : jamais une \u00e9quipe de France f\u00e9minine n\u2019avait jou\u00e9 dans une telle jauge sur le sol fran\u00e7ais\u00bb, souligne la FFR.<\/p>\n<p class=\"paragraph text_align_left\">Les U20 masculins affronteront \u00e9galement l\u2019Italie \u00e0 Lille, lors du week-end du 21 et 22 f\u00e9vrier, mais au Stadium Lille M\u00e9tropole.<\/p>\n","protected":false},"excerpt":{"rendered":"Les XV de France masculin et f\u00e9minin disputeront des matches \u00e0 Bordeaux et \u00e0 Lille en novembre 2025&hellip;\n","protected":false},"author":2,"featured_media":173306,"comment_status":"","ping_status":"","sticky":false,"template":"","format":"standard","meta":{"footnotes":""},"categories":[2815],"tags":[1111,11,1777,674,1011,27,811,1307,12,25,479,60,30845],"class_list":{"0":"post-173305","1":"post","2":"type-post","3":"status-publish","4":"format-standard","5":"has-post-thumbnail","7":"category-lille","8":"tag-actu","9":"tag-actualites","10":"tag-eu","11":"tag-europe","12":"tag-fr","13":"tag-france","14":"tag-hauts-de-france","15":"tag-lille","16":"tag-news","17":"tag-republique-francaise","18":"tag-rugby","19":"tag-sports","20":"tag-xv-france"},"share_on_mastodon":{"url":"https:\/\/pubeurope.com\/@fr\/114675961262580428","error":""},"_links":{"self":[{"href":"https:\/\/www.europesays.com\/fr\/wp-json\/wp\/v2\/posts\/173305","targetHints":{"allow":["GET"]}}],"collection":[{"href":"https:\/\/www.europesays.com\/fr\/wp-json\/wp\/v2\/posts"}],"about":[{"href":"https:\/\/www.europesays.com\/fr\/wp-json\/wp\/v2\/types\/post"}],"author":[{"embeddable":true,"href":"https:\/\/www.europesays.com\/fr\/wp-json\/wp\/v2\/users\/2"}],"replies":[{"embeddable":true,"href":"https:\/\/www.europesays.com\/fr\/wp-json\/wp\/v2\/comments?post=173305"}],"version-history":[{"count":0,"href":"https:\/\/www.europesays.com\/fr\/wp-json\/wp\/v2\/posts\/173305\/revisions"}],"wp:featuredmedia":[{"embeddable":true,"href":"https:\/\/www.europesays.com\/fr\/wp-json\/wp\/v2\/media\/173306"}],"wp:attachment":[{"href":"https:\/\/www.europesays.com\/fr\/wp-json\/wp\/v2\/media?parent=173305"}],"wp:term":[{"taxonomy":"category","embeddable":true,"href":"https:\/\/www.europesays.com\/fr\/wp-json\/wp\/v2\/categories?post=173305"},{"taxonomy":"post_tag","embeddable":true,"href":"https:\/\/www.europesays.com\/fr\/wp-json\/wp\/v2\/tags?post=173305"}],"curies":[{"name":"wp","href":"https:\/\/api.w.org\/{rel}","templated":true}]}}