{"id":173310,"date":"2025-06-13T12:06:23","date_gmt":"2025-06-13T12:06:23","guid":{"rendered":"https:\/\/www.europesays.com\/fr\/173310\/"},"modified":"2025-06-13T12:06:23","modified_gmt":"2025-06-13T12:06:23","slug":"decouvrez-cette-ville-qui-attire-tous-les-lyonnais","status":"publish","type":"post","link":"https:\/\/www.europesays.com\/fr\/173310\/","title":{"rendered":"d\u00e9couvrez cette ville qui attire tous les Lyonnais !"},"content":{"rendered":"<p class=\"insetTitle\">35 000 \u20ac par an d\u2019aides communales \u00e0 l\u2019am\u00e9lioration de l\u2019habitat<\/p>\n<p>Et de deux\u2026 Une seconde Op\u00e9ration Programm\u00e9e d\u2019Am\u00e9lioration de l\u2019Habitat et de Renouvellement Urbain (Opah-RU) est engag\u00e9e \u00e0 Tain-l\u2019Hermitage avec l\u2019Anah (1), pour cinq nouvelles ann\u00e9es, soit 2025-2031.<\/p>\n<p>Objectif\u00a0: encourager les propri\u00e9taires \u00e0 r\u00e9habiliter les logements v\u00e9tustes, souvent vacants par des travaux d\u2019am\u00e9lioration \u00e9nerg\u00e9tique et de confort, de mise en conformit\u00e9 voire de r\u00e9fection de fa\u00e7ades.<\/p>\n<p>Ce dispositif d\u2019aides port\u00e9 par la communaut\u00e9 d\u2019agglom\u00e9ration Arche Agglo concernait \u00e9galement les communes de Tournon-sur-Rh\u00f4ne et Saint-F\u00e9licien sur sa premi\u00e8re p\u00e9riode (2020-2024).<\/p>\n<p>Celle Saint-Donas-sur-l\u2019Herbasse s\u2019ajoute \u00e0 elles sur cette nouvelle Opah-RU. \u00ab \u00c0 Tain, le p\u00e9rim\u00e8tre urbain concern\u00e9 a \u00e9t\u00e9 \u00e9largi\u00a0\u00bb, explique son maire, Xavier Ang\u00e9li.\u00ab\u00a0Et les aides communales ont \u00e9t\u00e9 augment\u00e9es pour encourager les propri\u00e9taires \u00e0 s\u2019engager. \u00bb <\/p>\n<p>Montant de cette enveloppe d\u2019aides\u00a0communales : 35 000 \u20ac par an, soit 150 000 \u20ac sur cinq ans. Arche Agglo abonde de la m\u00eame somme et l\u2019Anah compl\u00e8te le dispositif \u00e0 hauteur de 50\u00a0%. <\/p>\n<p>L\u2019objectif de cette seconde Opah-RU est de r\u00e9nover 32 logements d\u2019ici 2023 sur les 491 logements (dont 65 vacants) situ\u00e9s dans le p\u00e9rim\u00e8tre \u00e9tabli.<\/p>\n<p>\u00ab L\u2019id\u00e9e est clairement de pouvoir remettre ces logements r\u00e9habilit\u00e9s en location car la demande est sup\u00e9rieure \u00e0 l\u2019offre \u00e0 Tain \u00bb pr\u00e9cise le premier \u00e9dile. <\/p>\n<p>L\u2019op\u00e9ration de revalorisation du territoire (ORT) \u00e9galement engag\u00e9e sur la commune pour cinq ans (sa prolongation est en cours de signature) permet de soutenir aussi la commune dans ses projets de requalification \u00e0 l\u2019instar des tr\u00e8s attendus am\u00e9nagements de la Nationale 7. <\/p>\n<p>Mais la ville travaille aussi sur un sch\u00e9ma global de mobilit\u00e9 avec mise en sens unique de certaines rues, zones 30 voire 20, s\u00e9curisation des voies douces\u2026<\/p>\n","protected":false},"excerpt":{"rendered":"35 000 \u20ac par an d\u2019aides communales \u00e0 l\u2019am\u00e9lioration de l\u2019habitat Et de deux\u2026 Une seconde Op\u00e9ration Programm\u00e9e&hellip;\n","protected":false},"author":2,"featured_media":173311,"comment_status":"","ping_status":"","sticky":false,"template":"","format":"standard","meta":{"footnotes":""},"categories":[1889],"tags":[17656,1111,11,2430,2730,3827,112,2737,2735,1777,674,107,1795,1011,27,329,2731,1116,10284,2428,1031,3455,12,25,2429,30847,30846,12920,2733],"class_list":{"0":"post-173310","1":"post","2":"type-post","3":"status-publish","4":"format-standard","5":"has-post-thumbnail","7":"category-lyon","8":"tag-achat-et-vente-immobilier","9":"tag-actu","10":"tag-actualites","11":"tag-auvergne-rhone-alpes","12":"tag-drome","13":"tag-edition-annonay-nord-ardeche","14":"tag-edition-grenoble-agglomeration","15":"tag-edition-romans-nord-drome","16":"tag-edition-valence-rhone-crussol-vallee-de-la-drome","17":"tag-eu","18":"tag-europe","19":"tag-fil-info","20":"tag-fil-web","21":"tag-fr","22":"tag-france","23":"tag-france-monde","24":"tag-grenoble","25":"tag-immobilier","26":"tag-location","27":"tag-lyon","28":"tag-magazine","29":"tag-magazine-immobilier","30":"tag-news","31":"tag-republique-francaise","32":"tag-rhone","33":"tag-saint-felicien","34":"tag-tain-lhermitage","35":"tag-tournon-sur-rhone","36":"tag-valence"},"share_on_mastodon":{"url":"https:\/\/pubeurope.com\/@fr\/114675973227195328","error":""},"_links":{"self":[{"href":"https:\/\/www.europesays.com\/fr\/wp-json\/wp\/v2\/posts\/173310","targetHints":{"allow":["GET"]}}],"collection":[{"href":"https:\/\/www.europesays.com\/fr\/wp-json\/wp\/v2\/posts"}],"about":[{"href":"https:\/\/www.europesays.com\/fr\/wp-json\/wp\/v2\/types\/post"}],"author":[{"embeddable":true,"href":"https:\/\/www.europesays.com\/fr\/wp-json\/wp\/v2\/users\/2"}],"replies":[{"embeddable":true,"href":"https:\/\/www.europesays.com\/fr\/wp-json\/wp\/v2\/comments?post=173310"}],"version-history":[{"count":0,"href":"https:\/\/www.europesays.com\/fr\/wp-json\/wp\/v2\/posts\/173310\/revisions"}],"wp:featuredmedia":[{"embeddable":true,"href":"https:\/\/www.europesays.com\/fr\/wp-json\/wp\/v2\/media\/173311"}],"wp:attachment":[{"href":"https:\/\/www.europesays.com\/fr\/wp-json\/wp\/v2\/media?parent=173310"}],"wp:term":[{"taxonomy":"category","embeddable":true,"href":"https:\/\/www.europesays.com\/fr\/wp-json\/wp\/v2\/categories?post=173310"},{"taxonomy":"post_tag","embeddable":true,"href":"https:\/\/www.europesays.com\/fr\/wp-json\/wp\/v2\/tags?post=173310"}],"curies":[{"name":"wp","href":"https:\/\/api.w.org\/{rel}","templated":true}]}}