{"id":173314,"date":"2025-06-13T12:08:09","date_gmt":"2025-06-13T12:08:09","guid":{"rendered":"https:\/\/www.europesays.com\/fr\/173314\/"},"modified":"2025-06-13T12:08:09","modified_gmt":"2025-06-13T12:08:09","slug":"alerte-orange-aux-orages-cycliste-agresse-et-population-qui-va-doubler-linfo-a-midi-en-ile-de-france","status":"publish","type":"post","link":"https:\/\/www.europesays.com\/fr\/173314\/","title":{"rendered":"Alerte orange aux orages, cycliste agress\u00e9 et population qui va doubler\u2026 l\u2019info \u00e0 midi en \u00cele-de-France"},"content":{"rendered":"<p>            Par<br \/>\n        <strong><br \/>\n            <a href=\"https:\/\/actu.fr\/auteur\/audrey-gruaz\" title=\"Consulter tous les articles de Audrey Gruaz\" target=\"_blank\" rel=\"noopener\">Audrey Gruaz<\/a><br \/>\n        <\/strong><\/p>\n<p>        Publi\u00e9 le<\/p>\n<p>            13 juin 2025 \u00e0 12h23        <\/p>\n<p><b>Vendredi 13\u00a0juin 2025, <\/b>M\u00e9t\u00e9o France a plac\u00e9 <b>l\u2019Ile-de-France<\/b> en vigilance orange en raison d\u2019orages violents qui pourraient toucher notre r\u00e9gion.<\/p>\n<p class=\" wall-content\">Cinq personnes ont \u00e9t\u00e9 jug\u00e9es \u00e0 <b>Paris <\/b>pour avoir vol\u00e9, s\u00e9questr\u00e9 et d\u00e9pouill\u00e9 un cycliste. Dans les <b>Yvelines<\/b>, un homme a provoqu\u00e9 un accident et s\u2019en est pris violemment \u00e0 l\u2019une de ses victimes.<\/p>\n<p class=\" wall-content\">Dans <b>l\u2019Essonne<\/b>, un maire explique les raisons qui le poussent \u00e0 ne pas se repr\u00e9senter aux prochaines \u00e9lections municipales.<\/p>\n<p class=\" wall-content\">Les habitants de cette ville de <b>Seine-et-Marne<\/b> sont invit\u00e9s \u00e0 donner leur avis sur un projet d\u2019am\u00e9nagement qui va doubler la population.<\/p>\n<p class=\" wall-content\">Voici les principales informations du vendredi 13\u00a0juin en <b><a data-auth=\"NotApplicable\" rel=\"noopener noreferrer\" href=\"https:\/\/actu.fr\/ile-de-france\/\" title=\"https:\/\/actu.fr\/ile-de-france\/\" data-linkindex=\"6\" target=\"_blank\">\u00cele-de-France<\/a>,<\/b> \u00e0 midi. Cliquez sur les liens si vous voulez en savoir plus sur les sujets qui font l\u2019actualit\u00e9 dans les d\u00e9partements de la r\u00e9gion francilienne.<\/p>\n<p>Les cinq infos \u00e0 retenir<\/p>\n<p class=\" wall-content\"><b>\u00cele-de-France.<\/b>\u00a0<a href=\"https:\/\/actu.fr\/ile-de-france\/paris_75056\/meteo-france-durcit-ses-previsions-paris-et-l-ile-de-france-passent-en-vigilance-orange-aux-orages_62767574.html\" target=\"_blank\" rel=\"noopener\">M\u00e9t\u00e9o France durcit ses pr\u00e9visions\u2009: Paris et l\u2019\u00cele-de-France passent en vigilance orange aux orages<\/a><\/p>\n<p class=\" wall-content\">M\u00e9t\u00e9o France a revu ses pr\u00e9visions pour la journ\u00e9e de ce vendredi 13\u00a0juin 2025. D\u2019abord \u00e9pargn\u00e9s, Paris et l\u2019\u00cele-de-France viennent d\u2019\u00eatre plac\u00e9s en vigilance orange aux orages.<\/p>\n<p>Vid\u00e9os : en ce moment sur Actu<\/p>\n<p class=\" wall-content\"><b>Paris.<\/b> <a href=\"https:\/\/actu.fr\/ile-de-france\/paris_75056\/paris-a-velo-il-percute-une-voiture-et-finit-frappe-sequestre-et-depouille-par-ses-occupants_62763836.html\" target=\"_blank\" rel=\"noopener\">A v\u00e9lo, il percute une voiture et finit frapp\u00e9, s\u00e9questr\u00e9 et d\u00e9pouill\u00e9 par ses occupants<\/a><\/p>\n<p class=\" wall-content\">Ce jeudi 12\u00a0juin 2025, cinq personnes ont \u00e9t\u00e9 jug\u00e9es par le tribunal de Paris pour avoir vol\u00e9, s\u00e9questr\u00e9 et d\u00e9pouill\u00e9 un cycliste qui avait percut\u00e9 leur voiture.<\/p>\n<p class=\" wall-content\"><b>Yvelines.<\/b>\u00a0<a href=\"https:\/\/actu.fr\/ile-de-france\/bailly_78043\/ivre-il-provoque-un-accident-sur-la13-puis-frappe-lune-des-victimes-avec-un-tournevis_62764467.html\" target=\"_blank\" rel=\"noopener\">Ivre, il provoque un accident sur l\u2019A13 puis frappe l\u2019une des victimes avec un tournevis<\/a><\/p>\n<p class=\" wall-content\">Dans la nuit du 28 au 29\u00a0avril 2025, un homme de 37\u00a0ans a provoqu\u00e9 un accident sur l\u2019A13 au niveau de Bailly (Yvelines) avant de s\u2019en prendre violemment \u00e0 l\u2019une des victimes.<\/p>\n<p class=\" wall-content\"><b>Essonne.<\/b> <a href=\"https:\/\/actu.fr\/ile-de-france\/wissous_91689\/fatigue-ce-maire-de-l-essonne-annonce-sa-demission-il-est-temps-pour-moi-de-passer-le-relais_62763217.html\" target=\"_blank\" rel=\"noopener\">\u00ab\u2009Fatigu\u00e9\u2009\u00bb, ce maire annonce sa d\u00e9mission\u2009: \u00ab\u2009il est temps pour moi de passer le relais\u2009\u00bb<\/a><\/p>\n<p class=\" wall-content\">Floriant Gallant a annonc\u00e9 ce jeudi d\u00e9missionner de ses fonctions de maire de Wissous. Il compte toutefois s\u2019\u00ab\u2009impliquer en tant qu\u2019\u00e9lu au moins jusqu\u2019aux prochaines \u00e9lections\u2009\u00bb.<\/p>\n<p class=\" wall-content\"><b>Seine-et-Marne.<\/b> <a href=\"https:\/\/actu.fr\/ile-de-france\/reau_77384\/seine-et-marne-donnez-votre-avis-sur-ce-projet-qui-doublera-la-population-de-cette-ville-dici-2045_62758462.html\" target=\"_blank\" rel=\"noopener\">Donnez votre avis sur ce projet qui doublera la population de cette ville d\u2019ici 2045<\/a><\/p>\n<p class=\" wall-content\">L\u2019EPA S\u00e9nart et la commune de R\u00e9au lancent une concertation publique pour le projet Pr\u00e9s-Neufs Golf, avec plusieurs rendez-vous en juin pour \u00e9changer sur le projet.<\/p>\n<p>Suivez-nous pour en savoir plus\u2009!<\/p>\n<p class=\" wall-content\">Vous voulez plus d\u2019infos sur l\u2019\u00cele-de-France\u2009? Vous pouvez nous retrouver sur\u00a0Actu\u00a0<b>\u00cele-de-France.<\/b><\/p>\n<p class=\" wall-content\">Pour nous suivre\u00a0<b>sur les r\u00e9seaux sociaux<\/b>, dans vos d\u00e9partements\u2009:<\/p>\n<p class=\" wall-content\"><b>Paris<\/b>\u2009: retrouvez\u00a0Actu\u00a0Paris\u00a0sur\u00a0<a data-auth=\"NotApplicable\" rel=\"noopener noreferrer\" href=\"https:\/\/www.facebook.com\/actufr.paris\/\" title=\"https:\/\/www.facebook.com\/actufr.paris\/\" data-linkindex=\"17\" target=\"_blank\">Facebook<\/a>\u00a0et\u00a0<a data-auth=\"NotApplicable\" rel=\"noopener noreferrer\" href=\"https:\/\/twitter.com\/actufrparis\" title=\"https:\/\/twitter.com\/actufrparis\" data-linkindex=\"18\" target=\"_blank\">Twitter<\/a>\u2009<b>;<\/b><br \/><b>Seine-et-Marne<\/b>\u2009: retrouvez\u00a0La R\u00e9publique de Seine-et-Marne (sud) sur\u00a0<a data-auth=\"NotApplicable\" rel=\"noopener noreferrer\" href=\"https:\/\/www.facebook.com\/RepubliqueSeineMarne\/\" title=\"https:\/\/www.facebook.com\/RepubliqueSeineMarne\/\" data-linkindex=\"19\" target=\"_blank\">Facebook<\/a>\u00a0et\u00a0<a data-auth=\"NotApplicable\" rel=\"noopener noreferrer\" href=\"https:\/\/twitter.com\/LaRep77\" title=\"https:\/\/twitter.com\/LaRep77\" data-linkindex=\"20\" target=\"_blank\">Twitter<\/a>\u2009; La Marne (nord) sur\u00a0<a data-auth=\"NotApplicable\" rel=\"noopener noreferrer\" href=\"https:\/\/www.facebook.com\/journallarmarne\/?__tn__=%2Cd%2CP-R&amp;eid=ARDLZc91LaHbXzDwChLLLQJVMBLx_ABJremTC2-RG0CYvg0f4f8CLvbV5G1Lli4g_6QoXDcKkU1_LX1W\" title=\"https:\/\/www.facebook.com\/journallarmarne\/?__tn__=%2Cd%2CP-R&amp;eid=ARDLZc91LaHbXzDwChLLLQJVMBLx_ABJremTC2-RG0CYvg0f4f8CLvbV5G1Lli4g_6QoXDcKkU1_LX1W\" data-linkindex=\"21\" target=\"_blank\">Facebook<\/a>\u00a0et\u00a0<a data-auth=\"NotApplicable\" rel=\"noopener noreferrer\" href=\"https:\/\/twitter.com\/JournalLaMarne\" title=\"https:\/\/twitter.com\/JournalLaMarne\" data-linkindex=\"22\" target=\"_blank\">Twitter<\/a>\u2009; et\u00a0Le Pays Briard\u00a0sur\u00a0<a data-auth=\"NotApplicable\" rel=\"noopener noreferrer\" href=\"https:\/\/www.facebook.com\/LePaysBriard\/?ref=bookmarks\" title=\"https:\/\/www.facebook.com\/LePaysBriard\/?ref=bookmarks\" data-linkindex=\"23\" target=\"_blank\">Facebook<\/a>\u00a0et\u00a0<a data-auth=\"NotApplicable\" rel=\"noopener noreferrer\" href=\"https:\/\/twitter.com\/LePaysBriard\" title=\"https:\/\/twitter.com\/LePaysBriard\" data-linkindex=\"24\" target=\"_blank\">Twitter<\/a>\u2009<b>;<\/b><br \/><b>Yvelines<\/b>\u2009: retrouvez\u00a078Actu\u00a0sur\u00a0<a data-auth=\"NotApplicable\" rel=\"noopener noreferrer\" href=\"https:\/\/www.facebook.com\/78actu\/\" title=\"https:\/\/www.facebook.com\/78actu\/\" data-linkindex=\"25\" target=\"_blank\">Facebook<\/a>\u00a0et\u00a0<a data-auth=\"NotApplicable\" rel=\"noopener noreferrer\" href=\"https:\/\/twitter.com\/78actu\" title=\"https:\/\/twitter.com\/78actu\" data-linkindex=\"26\" target=\"_blank\">Twitter<\/a>\u2009<b>;<\/b><br \/><b>Essonne<\/b>\u2009: retrouvez\u00a0Actu Essonne\u00a0sur\u00a0<a data-auth=\"NotApplicable\" rel=\"noopener noreferrer\" href=\"https:\/\/www.facebook.com\/actuessonne\/?ref=br_rs\" title=\"https:\/\/www.facebook.com\/actuessonne\/?ref=br_rs\" data-linkindex=\"27\" target=\"_blank\">Facebook<\/a>\u00a0et\u00a0<a data-auth=\"NotApplicable\" rel=\"noopener noreferrer\" href=\"https:\/\/twitter.com\/ActuEssonne\" title=\"https:\/\/twitter.com\/ActuEssonne\" data-linkindex=\"28\" target=\"_blank\">Twitter<\/a>\u2009<b>;<\/b><br \/><b>Hauts-de-Seine<\/b>\u2009: retrouvez\u00a0Actu\u00a0Hauts-de-Seine\u00a0sur\u00a0<a data-auth=\"NotApplicable\" rel=\"noopener noreferrer\" href=\"https:\/\/www.facebook.com\/actufr.hautsdeseine\/\" title=\"https:\/\/www.facebook.com\/actufr.hautsdeseine\/\" data-linkindex=\"29\" target=\"_blank\">Facebook<\/a>\u00a0et\u00a0<a data-auth=\"NotApplicable\" rel=\"noopener noreferrer\" href=\"https:\/\/twitter.com\/actufr92\" title=\"https:\/\/twitter.com\/actufr92\" data-linkindex=\"30\" target=\"_blank\">Twitter<\/a>\u2009;<br \/><b>Seine-Saint-Denis<\/b>\u2009: retrouvez\u00a0Actu\u00a0Seine-Saint-Denis\u00a0sur\u00a0<a data-auth=\"NotApplicable\" rel=\"noopener noreferrer\" href=\"https:\/\/www.facebook.com\/actufr.seinesaintdenis\/\" title=\"https:\/\/www.facebook.com\/actufr.seinesaintdenis\/\" data-linkindex=\"31\" target=\"_blank\">Facebook<\/a>\u00a0et\u00a0<a data-auth=\"NotApplicable\" rel=\"noopener noreferrer\" href=\"https:\/\/twitter.com\/Actufr93\" title=\"https:\/\/twitter.com\/Actufr93\" data-linkindex=\"32\" target=\"_blank\">Twitter<\/a>\u2009<b>;<\/b><br \/><b>Val-de-Marne<\/b>\u2009: retrouvez\u00a0Actu Val-de-Marne\u00a0sur\u00a0<a data-auth=\"NotApplicable\" rel=\"noopener noreferrer\" href=\"https:\/\/www.facebook.com\/actu94.valdemarne\/\" title=\"https:\/\/www.facebook.com\/actu94.valdemarne\/\" data-linkindex=\"33\" target=\"_blank\">Facebook<\/a>\u00a0et\u00a0<a data-auth=\"NotApplicable\" rel=\"noopener noreferrer\" href=\"https:\/\/twitter.com\/actufr94\" title=\"https:\/\/twitter.com\/actufr94\" data-linkindex=\"34\" target=\"_blank\">Twitter<\/a><b>\u2009;<\/b><br \/><b>Val-d\u2019Oise<\/b>\u2009: retrouvez La Gazette du Val-d\u2019Oise sur\u00a0<a data-auth=\"NotApplicable\" rel=\"noopener noreferrer\" href=\"https:\/\/www.facebook.com\/lagazetteduvaldoise\/\" title=\"https:\/\/www.facebook.com\/lagazetteduvaldoise\/\" data-linkindex=\"35\" target=\"_blank\">Facebook<\/a>\u2009; L\u2019Echo, le r\u00e9gional sur\u00a0<a data-auth=\"NotApplicable\" rel=\"noopener noreferrer\" href=\"https:\/\/www.facebook.com\/echo.regional\" title=\"https:\/\/www.facebook.com\/echo.regional\" data-linkindex=\"36\" target=\"_blank\">Facebook<\/a>\u00a0et C\u00f4t\u00e9 Val d\u2019Oise sur\u00a0<a data-auth=\"NotApplicable\" rel=\"noopener noreferrer\" href=\"https:\/\/www.facebook.com\/Cotevaldoise\" title=\"https:\/\/www.facebook.com\/Cotevaldoise\" data-linkindex=\"37\" target=\"_blank\">Facebook<\/a>.<\/p>\n<p class=\" wall-content\">Suivez toute l\u2019actualit\u00e9 de vos villes et m\u00e9dias favoris en vous inscrivant \u00e0 <a href=\"https:\/\/moncompte.actu.fr\" title=\"D\u00e9couvez Mon Actu\" rel=\"nofollow noopener\" data-trk=\"{&quot;cta&quot;:{&quot;action&quot;:&quot;https:\\\/\\\/moncompte.actu.fr&quot;,&quot;category&quot;:&quot;mon compte&quot;,&quot;from&quot;:&quot;article footer&quot;,&quot;name&quot;:&quot;Mon actu&quot;,&quot;type&quot;:&quot;cta&quot;}}\" target=\"_blank\">Mon Actu<\/a>.<\/p>\n<p>                    <script async src=\"https:\/\/platform.twitter.com\/widgets.js\" charset=\"utf-8\"><\/script><\/p>\n","protected":false},"excerpt":{"rendered":"Par Audrey Gruaz Publi\u00e9 le 13 juin 2025 \u00e0 12h23 Vendredi 13\u00a0juin 2025, M\u00e9t\u00e9o France a plac\u00e9 l\u2019Ile-de-France&hellip;\n","protected":false},"author":2,"featured_media":173315,"comment_status":"","ping_status":"","sticky":false,"template":"","format":"standard","meta":{"footnotes":""},"categories":[1592],"tags":[1111,11,1777,674,1011,27,662,2357,12,4594,626,25,104],"class_list":{"0":"post-173314","1":"post","2":"type-post","3":"status-publish","4":"format-standard","5":"has-post-thumbnail","7":"category-ile-de-france","8":"tag-actu","9":"tag-actualites","10":"tag-eu","11":"tag-europe","12":"tag-fr","13":"tag-france","14":"tag-ile-de-france","15":"tag-meteo-france","16":"tag-news","17":"tag-orages","18":"tag-paris","19":"tag-republique-francaise","20":"tag-societe"},"share_on_mastodon":{"url":"https:\/\/pubeurope.com\/@fr\/114675980985404064","error":""},"_links":{"self":[{"href":"https:\/\/www.europesays.com\/fr\/wp-json\/wp\/v2\/posts\/173314","targetHints":{"allow":["GET"]}}],"collection":[{"href":"https:\/\/www.europesays.com\/fr\/wp-json\/wp\/v2\/posts"}],"about":[{"href":"https:\/\/www.europesays.com\/fr\/wp-json\/wp\/v2\/types\/post"}],"author":[{"embeddable":true,"href":"https:\/\/www.europesays.com\/fr\/wp-json\/wp\/v2\/users\/2"}],"replies":[{"embeddable":true,"href":"https:\/\/www.europesays.com\/fr\/wp-json\/wp\/v2\/comments?post=173314"}],"version-history":[{"count":0,"href":"https:\/\/www.europesays.com\/fr\/wp-json\/wp\/v2\/posts\/173314\/revisions"}],"wp:featuredmedia":[{"embeddable":true,"href":"https:\/\/www.europesays.com\/fr\/wp-json\/wp\/v2\/media\/173315"}],"wp:attachment":[{"href":"https:\/\/www.europesays.com\/fr\/wp-json\/wp\/v2\/media?parent=173314"}],"wp:term":[{"taxonomy":"category","embeddable":true,"href":"https:\/\/www.europesays.com\/fr\/wp-json\/wp\/v2\/categories?post=173314"},{"taxonomy":"post_tag","embeddable":true,"href":"https:\/\/www.europesays.com\/fr\/wp-json\/wp\/v2\/tags?post=173314"}],"curies":[{"name":"wp","href":"https:\/\/api.w.org\/{rel}","templated":true}]}}