{"id":173316,"date":"2025-06-13T12:09:15","date_gmt":"2025-06-13T12:09:15","guid":{"rendered":"https:\/\/www.europesays.com\/fr\/173316\/"},"modified":"2025-06-13T12:09:15","modified_gmt":"2025-06-13T12:09:15","slug":"alerte-pollution-a-lozone-en-ile-de-france-ce-vendredi-13-juin","status":"publish","type":"post","link":"https:\/\/www.europesays.com\/fr\/173316\/","title":{"rendered":"Alerte pollution \u00e0 l&rsquo;ozone en Ile-de-France ce vendredi 13 juin"},"content":{"rendered":"<p><a href=\"https:\/\/94.citoyens.com\/2025\/alerte-pollution-a-lozone-en-ile-de-france-2,29-04-2025.html\" title=\"Alerte pollution \u00e0 l\u2019ozone en Ile-de-France\" class=\"visuel\" rel=\"nofollow noopener\" target=\"_blank\"> <img decoding=\"async\" src=\"https:\/\/www.europesays.com\/fr\/wp-content\/uploads\/2025\/06\/grand-paris-google-earth-380x173.jpg\"  class=\"attachment-home-article wp-post-image lazyload\" alt=\"Alerte pollution \u00e0 l\u2019ozone en Ile-de-France\"\/>  \u00a9 G Earth\t <\/a> <a href=\"https:\/\/94.citoyens.com\/2025\/alerte-pollution-a-lozone-en-ile-de-france-2,29-04-2025.html\" title=\"Alerte pollution \u00e0 l\u2019ozone en Ile-de-France\" rel=\"nofollow noopener\" target=\"_blank\"> Alerte pollution \u00e0 l\u2019ozone en Ile-de-France\t<\/a><\/p>\n<p>Airparif annonce une d\u00e9gradation de la qualit\u00e9 de l\u2019air en Ile-de-France \u00e0 partir de la mi-journ\u00e9e ce mardi et ce mercredi, li\u00e9e \u00e0 la formation d\u2019ozone.<\/p>\n<p><a href=\"https:\/\/94.citoyens.com\/2025\/suppression-de-la-zfe-comment-ont-vote-les-deputes-dile-de-france,02-06-2025.html\" title=\"Suppression de la ZFE\u00a0: comment ont vot\u00e9 les d\u00e9put\u00e9s d\u2019Ile-de-France\" class=\"visuel\" rel=\"nofollow noopener\" target=\"_blank\"> <img decoding=\"async\" src=\"https:\/\/www.europesays.com\/fr\/wp-content\/uploads\/2025\/06\/autoroute-pollution-380x173.jpg\"  class=\"attachment-home-article wp-post-image lazyload\" alt=\"Suppression de la ZFE\u00a0: comment ont vot\u00e9 les d\u00e9put\u00e9s d\u2019Ile-de-France\"\/>  \u00a9 CD\t <\/a> <a href=\"https:\/\/94.citoyens.com\/2025\/suppression-de-la-zfe-comment-ont-vote-les-deputes-dile-de-france,02-06-2025.html\" title=\"Suppression de la ZFE\u00a0: comment ont vot\u00e9 les d\u00e9put\u00e9s d\u2019Ile-de-France\" rel=\"nofollow noopener\" target=\"_blank\"> Suppression de la ZFE\u00a0: comment ont vot\u00e9 les d\u00e9put\u00e9s d\u2019Ile-de-France\t<\/a><\/p>\n<p>Vot\u00e9e fin 2018 au niveau intercommunal par la M\u00e9tropole du Grand Paris, la zone \u00e0 faible \u00e9mission (ZFE) d\u2019Ile-de-France visait \u00e0 interdire aux v\u00e9hicules les plus polluants de rouler \u00e0 l\u2019int\u00e9rieur du p\u00e9rim\u00e8tre A86 (A86 exclue) pour lutter contre la pollution de l\u2019air responsable de plusieurs milliers de d\u00e9c\u00e8s pr\u00e9matur\u00e9s par an. Alors qu\u2019elle \u00e9tait\u2026<\/p>\n<p><a href=\"https:\/\/94.citoyens.com\/2025\/salon-du-vrac-et-du-reemploi-au-parc-floral-du-bois-de-vincennes,26-05-2025.html\" title=\"Salon du vrac et du r\u00e9emploi au parc floral du bois de Vincennes\" class=\"visuel\" rel=\"nofollow noopener\" target=\"_blank\"> <img decoding=\"async\" src=\"https:\/\/www.europesays.com\/fr\/wp-content\/uploads\/2025\/06\/economie-circulaire-380x173.jpg\"  class=\"attachment-home-article wp-post-image lazyload\" alt=\"Salon du vrac et du r\u00e9emploi au parc floral du bois de Vincennes\"\/>  \u00a9 CD\t <\/a> <a href=\"https:\/\/94.citoyens.com\/2025\/salon-du-vrac-et-du-reemploi-au-parc-floral-du-bois-de-vincennes,26-05-2025.html\" title=\"Salon du vrac et du r\u00e9emploi au parc floral du bois de Vincennes\" rel=\"nofollow noopener\" target=\"_blank\"> Salon du vrac et du r\u00e9emploi au parc floral du bois de Vincennes\t<\/a><\/p>\n<p>R\u00e9utiliser pour \u00e9viter de jeter: le r\u00e9emploi, notamment des emballages, demeure le maillon faible de la r\u00e9duction des d\u00e9chets, en France comme dans d\u2019autres pays d\u2019Europe : 3 000 professionnels sont attendus ces lundi 26 et mardi 27 mai au parc floral de Paris, au coeur du bois de Vincennes, pour acc\u00e9l\u00e9rer.<\/p>\n","protected":false},"excerpt":{"rendered":"\u00a9 G Earth Alerte pollution \u00e0 l\u2019ozone en Ile-de-France Airparif annonce une d\u00e9gradation de la qualit\u00e9 de l\u2019air&hellip;\n","protected":false},"author":2,"featured_media":173317,"comment_status":"","ping_status":"","sticky":false,"template":"","format":"standard","meta":{"footnotes":""},"categories":[1592],"tags":[1111,11,26833,1777,674,1011,27,662,2487,12,626,1800,25],"class_list":{"0":"post-173316","1":"post","2":"type-post","3":"status-publish","4":"format-standard","5":"has-post-thumbnail","7":"category-ile-de-france","8":"tag-actu","9":"tag-actualites","10":"tag-airparif","11":"tag-eu","12":"tag-europe","13":"tag-fr","14":"tag-france","15":"tag-ile-de-france","16":"tag-meteo","17":"tag-news","18":"tag-paris","19":"tag-pollution","20":"tag-republique-francaise"},"share_on_mastodon":{"url":"https:\/\/pubeurope.com\/@fr\/114675985106912288","error":""},"_links":{"self":[{"href":"https:\/\/www.europesays.com\/fr\/wp-json\/wp\/v2\/posts\/173316","targetHints":{"allow":["GET"]}}],"collection":[{"href":"https:\/\/www.europesays.com\/fr\/wp-json\/wp\/v2\/posts"}],"about":[{"href":"https:\/\/www.europesays.com\/fr\/wp-json\/wp\/v2\/types\/post"}],"author":[{"embeddable":true,"href":"https:\/\/www.europesays.com\/fr\/wp-json\/wp\/v2\/users\/2"}],"replies":[{"embeddable":true,"href":"https:\/\/www.europesays.com\/fr\/wp-json\/wp\/v2\/comments?post=173316"}],"version-history":[{"count":0,"href":"https:\/\/www.europesays.com\/fr\/wp-json\/wp\/v2\/posts\/173316\/revisions"}],"wp:featuredmedia":[{"embeddable":true,"href":"https:\/\/www.europesays.com\/fr\/wp-json\/wp\/v2\/media\/173317"}],"wp:attachment":[{"href":"https:\/\/www.europesays.com\/fr\/wp-json\/wp\/v2\/media?parent=173316"}],"wp:term":[{"taxonomy":"category","embeddable":true,"href":"https:\/\/www.europesays.com\/fr\/wp-json\/wp\/v2\/categories?post=173316"},{"taxonomy":"post_tag","embeddable":true,"href":"https:\/\/www.europesays.com\/fr\/wp-json\/wp\/v2\/tags?post=173316"}],"curies":[{"name":"wp","href":"https:\/\/api.w.org\/{rel}","templated":true}]}}