{"id":173318,"date":"2025-06-13T12:10:14","date_gmt":"2025-06-13T12:10:14","guid":{"rendered":"https:\/\/www.europesays.com\/fr\/173318\/"},"modified":"2025-06-13T12:10:14","modified_gmt":"2025-06-13T12:10:14","slug":"pour-les-macronistes-rachida-dati-nest-quune-option-parmi-dautres-liberation","status":"publish","type":"post","link":"https:\/\/www.europesays.com\/fr\/173318\/","title":{"rendered":"pour les macronistes, Rachida Dati n\u2019est qu\u2019\u00abune option\u00bb parmi d\u2019autres \u2013 Lib\u00e9ration"},"content":{"rendered":"<p class=\"sc-ksZaOG ehjQrN text-element\">\u00abParis est un cas un peu complexe\u00bb et \u00abGabriel Attal a souhait\u00e9 me confier une mission toute particuli\u00e8re\u00bb : on d\u00e9cernerait volontiers \u00e0 Franck Riester le prix de l\u2019euph\u00e9misme politique 2025.<\/p>\n<p class=\"sc-ksZaOG ehjQrN text-element\">Le d\u00e9put\u00e9 Ensemble pour la R\u00e9publique (EPR) et ex-ministre proche du patron du parti et du groupe macroniste \u00e0 l\u2019Assembl\u00e9e, par ailleurs pr\u00e9sident de la commission d\u2019investiture de Renaissance o\u00f9 il est en charge des \u00e9lections, a en effet h\u00e9rit\u00e9 (avec le d\u00e9put\u00e9 de Paris Sylvain Maillard) de la responsabilit\u00e9 de \u00abproposer un choix\u00bb de candidat du camp pr\u00e9sidentiel pour les municipales 2026 dans la capitale, d\u2019ici fin septembre. Mani\u00e8re d\u2019acter officiellement que Rachida Dati, d\u00e9j\u00e0 candidate LR en 2020 et nomm\u00e9e ministre de la Culture avec l\u2019assurance donn\u00e9e par Emmanuel Macron <a href=\"https:\/\/www.liberation.fr\/politique\/municipales-a-paris-rachida-dati-au-defi-de-lunite-des-droites-20250311_QZZTRPHTFFBPZBCIYWHZGPHQLM\/\" target=\"_blank\" rel=\"noreferrer noopener\" title=\"https:\/\/www.liberation.fr\/politique\/municipales-a-paris-rachida-dati-au-defi-de-lunite-des-droites-20250311_QZZTRPHTFFBPZBCIYWHZGPHQLM\/\">d\u2019\u00eatre soutenue par les macronistes pour 2026<\/a>, ne fait pas l\u2019unanimit\u00e9.<\/p>\n<p class=\"sc-ksZaOG ehjQrN text-element\">La sarzkozyste est ainsi \u00abune option\u00bb comme une autre, indique Riester \u00e0 Chez Pol. Qui ajoute : \u00ab<a href=\"https:\/\/www.liberation.fr\/politique\/elections\/municipales-a-paris-soutenu-par-edouard-philippe-pierre-yves-bournazel-lance-sa-campagne-et-defie-rachida-dati-20250604_6CVNQU3NTRADFAWOYYQGTJCVJ4\/\" target=\"_blank\" rel=\"noreferrer noopener\" title=\"https:\/\/www.liberation.fr\/politique\/elections\/municipales-a-paris-soutenu-par-edouard-philippe-pierre-yves-bournazel-lance-sa-campagne-et-defie-rachida-dati-20250604_6CVNQU3NTRADFAWOYYQGTJCVJ4\/\">Il y a Pierre-Yves Bournazel<\/a>, il y a une multitude d\u2019options possibles.\u00bb Une figure nationale membre du gouvernement depuis un an et demi mais rest\u00e9e \u00e0 LR, ou un \u00e9lu ex-LR plus local mais lieutenant du fr\u00e8re ennemi Edouard Philippe ? Choix corn\u00e9lien pour le parti macroniste devenu attaliste, qui dit aussi l\u2019absence de candidat \u00abmaison\u00bb \u00e0 m\u00eame de s\u2019imposer.<\/p>\n<p class=\"sc-ksZaOG ehjQrN text-element\">Riester, qui m\u00e8ne des consultations avec tout ce que Paris compte d\u2019\u00e9lus, conseillers et ministres macronistes, \u00abessaye de ne pas fermer [sa] r\u00e9flexion mais de l\u2019ouvrir au maximum\u00bb. Et d\u00e9taille les crit\u00e8res qui devront guider son choix pour cette ville que la macronie r\u00eave de conqu\u00e9rir depuis 2017 : \u00abOn cherche \u00e0 faire partie de la future majorit\u00e9, que nos id\u00e9es soient d\u00e9fendues, essayer de gagner et avoir des \u00e9lus.\u00bb Il glisse \u00e9galement : \u00abIl faut voir ce qui est possible pour nous.\u00bb Et donc, en creux, ce qui n\u2019est pas acceptable sur le plan de l\u2019identit\u00e9 politique. \u00abUn peu complexe\u00bb, en effet.<\/p>\n","protected":false},"excerpt":{"rendered":"\u00abParis est un cas un peu complexe\u00bb et \u00abGabriel Attal a souhait\u00e9 me confier une mission toute particuli\u00e8re\u00bb&hellip;\n","protected":false},"author":2,"featured_media":173319,"comment_status":"","ping_status":"","sticky":false,"template":"","format":"standard","meta":{"footnotes":""},"categories":[1888],"tags":[1111,1928,11,1927,1777,674,1011,27,5945,12,1926,626,1925,417,3370,25],"class_list":{"0":"post-173318","1":"post","2":"type-post","3":"status-publish","4":"format-standard","5":"has-post-thumbnail","7":"category-paris","8":"tag-actu","9":"tag-actu-paris","10":"tag-actualites","11":"tag-actualites-paris","12":"tag-eu","13":"tag-europe","14":"tag-fr","15":"tag-france","16":"tag-municipales-elections","17":"tag-news","18":"tag-news-paris","19":"tag-paris","20":"tag-paris-news","21":"tag-rachida-dati","22":"tag-renaissance","23":"tag-republique-francaise"},"share_on_mastodon":{"url":"https:\/\/pubeurope.com\/@fr\/114675988816534353","error":""},"_links":{"self":[{"href":"https:\/\/www.europesays.com\/fr\/wp-json\/wp\/v2\/posts\/173318","targetHints":{"allow":["GET"]}}],"collection":[{"href":"https:\/\/www.europesays.com\/fr\/wp-json\/wp\/v2\/posts"}],"about":[{"href":"https:\/\/www.europesays.com\/fr\/wp-json\/wp\/v2\/types\/post"}],"author":[{"embeddable":true,"href":"https:\/\/www.europesays.com\/fr\/wp-json\/wp\/v2\/users\/2"}],"replies":[{"embeddable":true,"href":"https:\/\/www.europesays.com\/fr\/wp-json\/wp\/v2\/comments?post=173318"}],"version-history":[{"count":0,"href":"https:\/\/www.europesays.com\/fr\/wp-json\/wp\/v2\/posts\/173318\/revisions"}],"wp:featuredmedia":[{"embeddable":true,"href":"https:\/\/www.europesays.com\/fr\/wp-json\/wp\/v2\/media\/173319"}],"wp:attachment":[{"href":"https:\/\/www.europesays.com\/fr\/wp-json\/wp\/v2\/media?parent=173318"}],"wp:term":[{"taxonomy":"category","embeddable":true,"href":"https:\/\/www.europesays.com\/fr\/wp-json\/wp\/v2\/categories?post=173318"},{"taxonomy":"post_tag","embeddable":true,"href":"https:\/\/www.europesays.com\/fr\/wp-json\/wp\/v2\/tags?post=173318"}],"curies":[{"name":"wp","href":"https:\/\/api.w.org\/{rel}","templated":true}]}}