{"id":173359,"date":"2025-06-13T12:34:09","date_gmt":"2025-06-13T12:34:09","guid":{"rendered":"https:\/\/www.europesays.com\/fr\/173359\/"},"modified":"2025-06-13T12:34:09","modified_gmt":"2025-06-13T12:34:09","slug":"dua-lipa-confirme-ses-fiancailles-snoop-dogg-pleure-la-mort-de-son-chien","status":"publish","type":"post","link":"https:\/\/www.europesays.com\/fr\/173359\/","title":{"rendered":"Dua Lipa confirme ses fian\u00e7ailles\u2026 Snoop Dogg pleure la mort de son chien\u2026"},"content":{"rendered":"<p>13\u00a0juin 2025<\/p>\n<p>Vincent Cassel sera Quasimodo dans un nouveau film Netflix<\/p>\n<p>L\u2019acteur pr\u00eatera ses traits au c\u00e9l\u00e8bre personnage du roman Notre-Dame de Paris de Victor Hugo dans un film r\u00e9alis\u00e9 par Jean-Fran\u00e7ois Richet, selon <a href=\"https:\/\/www.bfmtv.com\/people\/cinema\/vincent-cassel-va-incarner-quasimodo-dans-un-film-netflix_AN-202506120476.html\" rel=\"nofollow noopener\" target=\"_blank\" class=\"color-ultramarine c-link\">BFMTV<\/a>, lequel a d\u00e9j\u00e0 collabor\u00e9 avec la star de <a href=\"https:\/\/www.20minutes.fr\/arts-stars\/people\/4150722-20250428-vincent-cassel-revele-comment-aimerait-finir-vie\" target=\"_blank\" class=\"color-ultramarine c-link\" rel=\"noopener\">La Haine<\/a> pour plusieurs longs m\u00e9trages, dont L\u2019instinct de mort en\u00a02008.<\/p>\n<p>Toutefois, cette production ne sera pas une nouvelle adaptation du livre de\u00a01831. Selon <a href=\"https:\/\/www.20minutes.fr\/arts-stars\/serie\/4142006-20250305-comment-deva-cassel-fille-monica-bellucci-vincent-cassel-fait-prenom-netflix\" target=\"_blank\" class=\"color-ultramarine c-link\" rel=\"noopener\">Netflix<\/a>, elle imaginera plut\u00f4t \u00ab\u00a0la vie de celui qui aurait inspir\u00e9 Quasimodo [\u2026] m\u00ealant r\u00e9volte et amour impossible \u00e0 la veille de la r\u00e9volution de Juillet\u00a0\u00bb.<\/p>\n<p>Dua Lipa confirme ses fian\u00e7ailles avec Callum Turner<\/p>\n<p>Snoop Dogg annonce la mort de son bouledogue fran\u00e7ais<\/p>\n<p>Le rappeur a rendu hommage \u00e0 <a href=\"https:\/\/www.20minutes.fr\/insolite\/1606515-20150512-chien-snoop-dogg-regne-maitre-instagram\" target=\"_blank\" class=\"color-ultramarine c-link\" rel=\"noopener\">son chien<\/a>, Juelz, dont il a r\u00e9v\u00e9l\u00e9 la mort cette semaine via une s\u00e9rie de <a href=\"https:\/\/www.instagram.com\/p\/DKyskFrOa_6\/\" rel=\"nofollow noopener\" target=\"_blank\" class=\"color-ultramarine c-link\">posts Instagram<\/a> t\u00e9moignant de sa peine. Dans le premier, S<a href=\"https:\/\/www.20minutes.fr\/arts-stars\/people\/4157755-20250610-biopic-universal-pictures-snoop-dogg-concretise\" target=\"_blank\" class=\"color-ultramarine c-link\" rel=\"noopener\">noop Dogg<\/a> montre le bouledogue fran\u00e7ais gris assis sur le si\u00e8ge passager de sa voiture. \u00ab\u00a0Rip@juelzbroadus\u00a0\u00bb, a-t-il inscrit dans la l\u00e9gende, avant de remercier le rappeur Wiz Khalifa de lui avoir offert l\u2019animal en\u00a02014 pour ses 43 ans.<\/p>\n<p>Le rappeur de Thug Life a ensuite partag\u00e9 un montage vid\u00e9o de lui en compagnie de Juelz, ainsi que des <a href=\"https:\/\/www.instagram.com\/p\/DKzrw1lxpqr\/\" rel=\"nofollow noopener\" target=\"_blank\" class=\"color-ultramarine c-link\">images<\/a> du bouledogue dans diverses situations sur le son de See You Again de Wiz Khalifa. \u00ab\u00a0Mon chien me manque\u00a0\u00bb, a-t-il d\u00e9plor\u00e9 en commentaire.<\/p>\n<p><script async src=\"\/\/www.instagram.com\/embed.js\"><\/script><\/p>\n","protected":false},"excerpt":{"rendered":"13\u00a0juin 2025 Vincent Cassel sera Quasimodo dans un nouveau film Netflix L\u2019acteur pr\u00eatera ses traits au c\u00e9l\u00e8bre personnage&hellip;\n","protected":false},"author":2,"featured_media":173360,"comment_status":"","ping_status":"","sticky":false,"template":"","format":"standard","meta":{"footnotes":""},"categories":[1359],"tags":[10831,58,59,2702,1011,27,2440,127,3341,973,30848,16369,133],"class_list":{"0":"post-173359","1":"post","2":"type-post","3":"status-publish","4":"format-standard","5":"has-post-thumbnail","7":"category-people","8":"tag-bfmtv","9":"tag-divertissement","10":"tag-entertainment","11":"tag-fil-des-stars","12":"tag-fr","13":"tag-france","14":"tag-instagram","15":"tag-netflix","16":"tag-notre-dame-de-paris","17":"tag-people","18":"tag-snoop-dogg","19":"tag-victor-hugo","20":"tag-video"},"share_on_mastodon":{"url":"https:\/\/pubeurope.com\/@fr\/114676083167044309","error":""},"_links":{"self":[{"href":"https:\/\/www.europesays.com\/fr\/wp-json\/wp\/v2\/posts\/173359","targetHints":{"allow":["GET"]}}],"collection":[{"href":"https:\/\/www.europesays.com\/fr\/wp-json\/wp\/v2\/posts"}],"about":[{"href":"https:\/\/www.europesays.com\/fr\/wp-json\/wp\/v2\/types\/post"}],"author":[{"embeddable":true,"href":"https:\/\/www.europesays.com\/fr\/wp-json\/wp\/v2\/users\/2"}],"replies":[{"embeddable":true,"href":"https:\/\/www.europesays.com\/fr\/wp-json\/wp\/v2\/comments?post=173359"}],"version-history":[{"count":0,"href":"https:\/\/www.europesays.com\/fr\/wp-json\/wp\/v2\/posts\/173359\/revisions"}],"wp:featuredmedia":[{"embeddable":true,"href":"https:\/\/www.europesays.com\/fr\/wp-json\/wp\/v2\/media\/173360"}],"wp:attachment":[{"href":"https:\/\/www.europesays.com\/fr\/wp-json\/wp\/v2\/media?parent=173359"}],"wp:term":[{"taxonomy":"category","embeddable":true,"href":"https:\/\/www.europesays.com\/fr\/wp-json\/wp\/v2\/categories?post=173359"},{"taxonomy":"post_tag","embeddable":true,"href":"https:\/\/www.europesays.com\/fr\/wp-json\/wp\/v2\/tags?post=173359"}],"curies":[{"name":"wp","href":"https:\/\/api.w.org\/{rel}","templated":true}]}}