{"id":173375,"date":"2025-06-13T12:42:14","date_gmt":"2025-06-13T12:42:14","guid":{"rendered":"https:\/\/www.europesays.com\/fr\/173375\/"},"modified":"2025-06-13T12:42:14","modified_gmt":"2025-06-13T12:42:14","slug":"la-princesse-estelle-devient-marraine-pour-la-premiere-fois-au-bapteme-de-sa-cousine-ines","status":"publish","type":"post","link":"https:\/\/www.europesays.com\/fr\/173375\/","title":{"rendered":"La princesse Estelle devient marraine pour la premi\u00e8re fois au bapt\u00eame de sa cousine Ines"},"content":{"rendered":"<p>La princesse Estelle de Su\u00e8de a re\u00e7u une nouvelle marque de confiance de la part de sa famille, ce vendredi 13 juin 2025. L\u2019adolescente est devenue la marraine de sa cousine, la princesse Ines, dont le bapt\u00eame \u00e9tait c\u00e9l\u00e9br\u00e9 \u00e0 l\u2019\u00e9glise du ch\u00e2teau de Drottningholm. C\u2019est la premi\u00e8re fois que la fille de la princesse h\u00e9riti\u00e8re Victoria devient marraine. <\/p>\n<p><strong>Lire aussi : <a href=\"https:\/\/histoiresroyales.fr\/bapteme-princesse-ines-jour-10e-anniversaire-carl-philip-sofia\/\" target=\"_blank\" rel=\"noopener\">Le bapt\u00eame de la princesse Ines le jour du 10e anniversaire de ses parents<\/a><\/strong><\/p>\n<p>Le prince Carl Philip confie un r\u00f4le de confiance \u00e0 sa ni\u00e8ce Estelle<\/p>\n<p>La princesse Ines de Su\u00e8de, duchesse de V\u00e4sterbotten, est n\u00e9e le 7 f\u00e9vrier 2025. Ce 13 juin 2025, la famille royale \u00e9tait r\u00e9unie \u00e0 l\u2019\u00e9glise du ch\u00e2teau de Drottningholm pour c\u00e9l\u00e9brer son bapt\u00eame. La princesse Ines est la premi\u00e8re fille du prince Carl Philip, 46 ans, et de la princesse Sofia, 40 ans, qui \u00e9taient jusqu\u2019ici parents de trois gar\u00e7ons. Depuis la naissance d\u2019Ines, le roi Carl XVI Gustaf et la reine Silvia sont neuf fois grands-parents. <\/p>\n<p><img fetchpriority=\"high\" decoding=\"async\" width=\"1300\" height=\"867\" src=\"https:\/\/www.europesays.com\/fr\/wp-content\/uploads\/2025\/06\/princesse-ines-de-suede-bapteme-10-ans-mariage-carl-philip-sofia.jpg\" alt=\"\" class=\"wp-image-208467 lazyload\" data-  \/>Le prince Carl Philip et la princesse Sofia f\u00eatent leurs 10 ans de mariage en organisant le bapt\u00eame de leur fille Ines (Photo : Jonas Ekstr\u00f6mer\/TT\/AP\/SIPA)<\/p>\n<p>Le bapt\u00eame de la princesse Ines a eu lieu \u00e0 la date exacte du 10e anniversaire de mariage du prince Carl Philip et de la princesse Sofia. Le 13 juin 2015, le fils du roi de Su\u00e8de \u00e9pousait Sofia Hellqvist. Le prince Carl Philip et la princesse Sofia ont accueilli leur premier enfant, le prince Alexander, en avril 2016. Le deuxi\u00e8me enfant, le prince Gabriel, est n\u00e9 en ao\u00fbt 2017 et enfin, le troisi\u00e8me gar\u00e7on, le prince Julian, est n\u00e9 en mars 2021. Le prince Carl Philip est 4e dans l\u2019ordre de succession au tr\u00f4ne et ses quatre enfants figurent aux 5e, 6e, 7e et 8e places dans l\u2019ordre de succession. <\/p>\n<p><img loading=\"lazy\" decoding=\"async\" width=\"1300\" height=\"866\" src=\"https:\/\/www.europesays.com\/fr\/wp-content\/uploads\/2025\/06\/princesse-sofia-jaune-prince-carl-philip-bapteme-fille-ines.jpg\" alt=\"\" class=\"wp-image-208469 lazyload\" data-  \/>L\u2019\u00e9v\u00eaque Johan Dalman, chapelain du Roi, c\u00e9l\u00e8bre le bapt\u00eame de la princesse Ines (Photo : Jonas Ekstr\u00f6mer\/AP\/SIPA)<\/p>\n<p><strong>Lire aussi : <a href=\"https:\/\/histoiresroyales.fr\/princesse-estelle-prince-oscar-soignent-chevaux-cortege-fete-nationale-carrosse\/\" target=\"_blank\" rel=\"noopener\">La princesse Estelle et le prince Oscar pr\u00e9parent les chevaux du cort\u00e8ge de la f\u00eate nationale aux \u00c9curies royales<\/a><\/strong><\/p>\n<p>La future reine de Su\u00e8de accepte le r\u00f4le de marraine pour la premi\u00e8re fois<\/p>\n<p>Ce 13 juin 2025, la princesse h\u00e9riti\u00e8re Victoria, 47 ans, s\u0153ur a\u00een\u00e9e de Carl Philip, et la princesse Madeleine, 43 ans, s\u0153ur cadette de Carl Philip, \u00e9taient pr\u00e9sents au bapt\u00eame de la princesse Ines. La princesse h\u00e9riti\u00e8re Victoria et le prince Daniel \u00e9taient accompagn\u00e9s de leurs deux enfants, la <a href=\"https:\/\/histoiresroyales.fr\/famille-royale-de-suede\/estelle-de-suede\/\" target=\"_blank\" rel=\"noopener\">princesse Estelle<\/a>, 13 ans, et le prince Oscar, 9 ans. La princesse Estelle jouait un r\u00f4le particulier puisqu\u2019elle s\u2019est vue confier la t\u00e2che d\u2019accompagner sa cousine dans sa nouvelle vie de Chr\u00e9tienne.<\/p>\n<p><img loading=\"lazy\" decoding=\"async\" width=\"1300\" height=\"866\" src=\"https:\/\/www.europesays.com\/fr\/wp-content\/uploads\/2025\/06\/bapteme-princesse-ines-de-suede.jpg\" alt=\"\" class=\"wp-image-208463 lazyload\" data-  \/>Les parrains et marraines de la princesse Ines font l\u2019imposition des mains sur la jeune baptis\u00e9e (Photo : Anders Wiklund\/TT\/AP\/SIPA)<\/p>\n<p><img loading=\"lazy\" decoding=\"async\" width=\"1112\" height=\"1400\" src=\"https:\/\/www.europesays.com\/fr\/wp-content\/uploads\/2025\/06\/princesse-estelle-nouvelle-marraine-ines-1112x1400.jpg\" alt=\"\" class=\"wp-image-208474 lazyload\" data-  \/>La princesse Estelle joue son r\u00f4le de marraine avec Tiara Larsson (Photo : Anders Wiklund\/TT\/AP\/SIPA)<\/p>\n<p><strong>Lire aussi : <a href=\"https:\/\/histoiresroyales.fr\/princesse-estelle-pose-costume-national-prince-oscar-fete-nationale-suede\/\" target=\"_blank\" rel=\"noopener\">La princesse Estelle pose en costume national avec le prince Oscar pour la f\u00eate nationale de Su\u00e8de<\/a><\/strong><\/p>\n<p>La princesse Estelle est devenue marraine pour la premi\u00e8re fois. Son oncle Carl Philip lui a accord\u00e9 cet honneur. Les autres parrains et marraines d\u2019Ines sont des proches des parents. Le premier parrain est Fredrik von der Esch, un ami de la famille et l\u2019un des filleuls de la reine Silvia. Claes Kockum est un ami d\u2019\u00e9cole du prince Carl Philip et il a \u00e9t\u00e9 choisi comme deuxi\u00e8me parrain. Sandrine Kockum est aussi une amie et elle est l\u2019\u00e9pouse de Claes. Enfin Tiara Larsson est la filleule de la princesse Sofia qui a \u00e9t\u00e9 choisie pour devenir la marraine de sa fille. Tiara est la fille de Cjsa Larsson, une amie d\u2019enfance de Sofia. Cjsa est d\u00e9j\u00e0 la marraine du prince Alexander.<\/p>\n<p><img loading=\"lazy\" decoding=\"async\" width=\"1400\" height=\"1019\" src=\"https:\/\/www.europesays.com\/fr\/wp-content\/uploads\/2025\/06\/princesse-estelle-de-suede-nouvelle-marraine.jpg\" alt=\"\" class=\"wp-image-208476 lazyload\" data-  \/>La princesse Estelle au bapt\u00eame de sa cousine Estelle, entour\u00e9e de son p\u00e8re, le prince Daniel, et de son fr\u00e8re, le prince Oscar (Photo : Anders Wiklund\/TT\/AP\/SIPA)<\/p>\n<p>Carl Philip et Sofia ont choisi des amis, des proches et des membres de la famille pour devenir les parrains et marraines de leurs trois gar\u00e7ons. Tout comme Ines a eu Estelle pour marraine royale, les deux premiers gar\u00e7ons ont eux aussi eu une marraine royale. Le prince Alexander a pour marraine royale sa tante, la princesse h\u00e9riti\u00e8re Victoria. Le prince Gabriel est le filleul de la princesse Madeleine. Le prince Julian est donc le seul \u00e0 n\u2019avoir eu aucun parrain ou marraine de la famille royale. <\/p>\n<p><img loading=\"lazy\" decoding=\"async\" width=\"1400\" height=\"1750\" src=\"https:\/\/www.europesays.com\/fr\/wp-content\/uploads\/2025\/06\/princesse-ines-ordre-de-succession-suede.jpg\" alt=\"\" class=\"wp-image-144953 lazyload\" data-  \/>La princesse Ines est n\u00e9e \u00e0 la 8e place dans l\u2019ordre de succession au tr\u00f4ne de Su\u00e8de (Image : Histoires Royales)<\/p>\n<p>La princesse Estelle est aujourd\u2019hui 2e dans l\u2019ordre de succession au tr\u00f4ne et lorsque sa m\u00e8re, Victoria, montera sur le tr\u00f4ne, elle deviendra la princesse h\u00e9riti\u00e8re de Su\u00e8de. Deux reines r\u00e9gnantes devraient donc se succ\u00e9der, Victoria puis sa fille Estelle, d\u00e9j\u00e0 destin\u00e9e \u00e0 devenir un jour la reine de Su\u00e8de. La princesse Estelle a pour parrain son oncle, le prince Carl Philip. Elle est \u00e9galement la filleule du roi Willem-Alexander des Pays-Bas, du prince h\u00e9ritier Haakon de Norv\u00e8ge, de la reine Mary de Danemark et de sa tante maternelle, Anna Westling.<\/p>\n<p>\t\t\t\t<img loading=\"lazy\" alt=\"Avatar photo\" src=\"https:\/\/www.europesays.com\/fr\/wp-content\/uploads\/2025\/04\/1516945716303-164x164.jpeg\"  class=\"avatar avatar-164 photo lazyload\" height=\"164\" width=\"164\" decoding=\"async\"\/><br \/>\n\t\t<a href=\"https:\/\/histoiresroyales.fr\/author\/royaliste123\/\" target=\"_blank\" rel=\"noopener\">Nicolas Fontaine<\/a><br \/>\n\t\t\t\t\tR\u00e9dacteur en chef<\/p>\n<p>Nicolas Fontaine a \u00e9t\u00e9 concepteur-r\u00e9dacteur et auteur pour de nombreuses marques et m\u00e9dias belges et fran\u00e7ais. Sp\u00e9cialiste de l&rsquo;actualit\u00e9 des familles royales, Nicolas a fond\u00e9 le site Histoires royales dont il est le r\u00e9dacteur en chef.&#13;<br \/>\n&#13;<br \/>\nnicolas@histoiresroyales.fr<\/p>\n<p>\t\t\t\t\t\t\t<a href=\"https:\/\/twitter.com\/ActusRoyales\" class=\"boxed-icon fill twitter\" target=\"_blank\" rel=\"noopener\"><\/a><br \/>\n\t\t\t\t\t\t\t\t\t<a href=\"https:\/\/www.instagram.com\/histoiresroyales.fr\/\" class=\"boxed-icon fill instagram\" target=\"_blank\" rel=\"noopener\"><\/a><\/p>\n<p>\t\t\t\t\t\t\t\t\t\t\t\t\t<script async src=\"https:\/\/platform.twitter.com\/widgets.js\" charset=\"utf-8\"><\/script><script async src=\"\/\/www.instagram.com\/embed.js\"><\/script><\/p>\n","protected":false},"excerpt":{"rendered":"La princesse Estelle de Su\u00e8de a re\u00e7u une nouvelle marque de confiance de la part de sa famille,&hellip;\n","protected":false},"author":2,"featured_media":173376,"comment_status":"","ping_status":"","sticky":false,"template":"","format":"standard","meta":{"footnotes":""},"categories":[8],"tags":[30849,58,59,30850,1011,27,28759,28577,30851],"class_list":{"0":"post-173375","1":"post","2":"type-post","3":"status-publish","4":"format-standard","5":"has-post-thumbnail","7":"category-divertissement","8":"tag-baptu00eame","9":"tag-divertissement","10":"tag-entertainment","11":"tag-estelle-de-suu00e8de","12":"tag-fr","13":"tag-france","14":"tag-ines-de-suu00e8de","15":"tag-marraine","16":"tag-parrain"},"share_on_mastodon":{"url":"https:\/\/pubeurope.com\/@fr\/114676114876752786","error":""},"_links":{"self":[{"href":"https:\/\/www.europesays.com\/fr\/wp-json\/wp\/v2\/posts\/173375","targetHints":{"allow":["GET"]}}],"collection":[{"href":"https:\/\/www.europesays.com\/fr\/wp-json\/wp\/v2\/posts"}],"about":[{"href":"https:\/\/www.europesays.com\/fr\/wp-json\/wp\/v2\/types\/post"}],"author":[{"embeddable":true,"href":"https:\/\/www.europesays.com\/fr\/wp-json\/wp\/v2\/users\/2"}],"replies":[{"embeddable":true,"href":"https:\/\/www.europesays.com\/fr\/wp-json\/wp\/v2\/comments?post=173375"}],"version-history":[{"count":0,"href":"https:\/\/www.europesays.com\/fr\/wp-json\/wp\/v2\/posts\/173375\/revisions"}],"wp:featuredmedia":[{"embeddable":true,"href":"https:\/\/www.europesays.com\/fr\/wp-json\/wp\/v2\/media\/173376"}],"wp:attachment":[{"href":"https:\/\/www.europesays.com\/fr\/wp-json\/wp\/v2\/media?parent=173375"}],"wp:term":[{"taxonomy":"category","embeddable":true,"href":"https:\/\/www.europesays.com\/fr\/wp-json\/wp\/v2\/categories?post=173375"},{"taxonomy":"post_tag","embeddable":true,"href":"https:\/\/www.europesays.com\/fr\/wp-json\/wp\/v2\/tags?post=173375"}],"curies":[{"name":"wp","href":"https:\/\/api.w.org\/{rel}","templated":true}]}}